{"id":138377,"date":"2026-01-24T23:15:41","date_gmt":"2026-01-24T23:15:41","guid":{"rendered":"https:\/\/planetesport.dz\/?p=138377"},"modified":"2026-01-24T23:15:41","modified_gmt":"2026-01-24T23:15:41","slug":"nechat-et-merghem-une-absence-et-des-interrogations","status":"publish","type":"post","link":"http:\/\/planetesport.dz\/?p=138377","title":{"rendered":"Nechat et Merghem, une absence et des interrogations"},"content":{"rendered":"<p>L\u2019arri\u00e8re droit Far\u00e8s Nechat et l\u2019attaquant Mehdi Merghem ont brill\u00e9 hier par leur absence face \u00e0 l\u2019AS FAR. Leur non-convocation a fait couler beaucoup d\u2019encre et de salive. Certains ont affirm\u00e9 que les deux joueurs avaient pr\u00e9text\u00e9 des blessures pour ne pas participer au match et d\u2019autres ont assur\u00e9 qu\u2019ils n\u2019\u00e9taient pas bless\u00e9s et qu\u2019ils faisaient pression sur la direction pour r\u00e9cup\u00e9rer leurs lettres de lib\u00e9ration. Nechat serait convoit\u00e9 par le CSC et Merghem aurait eu des touches en Europe. Nechat s\u2019est entra\u00een\u00e9 le plus normalement du monde la semaine derni\u00e8re, mais \u00e0 l\u2019approche de la rencontre, il a d\u00e9clar\u00e9 \u00e0 son entra\u00eeneur qu\u2019il souffrait d\u2019une blessure. Pour Merghem, il est en conflit avec ses dirigeants depuis la derni\u00e8re rencontre disput\u00e9e face au CRB. Il r\u00e9clame sa lettre de lib\u00e9ration sous pr\u00e9texte qu\u2019il a besoin de se rapprocher de sa famille.<\/p>\n<p><strong>Sarr fait parler de lui<br \/>\n<\/strong>Il n\u2019y a pas que Nechat et Merghem qui ont rat\u00e9 le match face \u00e0 l\u2019AS FAR puisque le milieu s\u00e9n\u00e9galais Babacar Sarr n\u2019a pas \u00e9t\u00e9 retenu dans la liste des 20. Il a r\u00e9int\u00e9gr\u00e9 le groupe mardi dernier et son absence a ouvert la voie \u00e0 toutes les rumeurs. Lui aussi ne serait pas chaud pour terminer la saison avec les Canaris.<\/p>\n<p style=\"text-align: right\">\n<strong>M. L.<\/strong><\/p>\n","protected":false},"excerpt":{"rendered":"<p>L\u2019arri\u00e8re droit Far\u00e8s Nechat et l\u2019attaquant Mehdi Merghem ont brill\u00e9 hier par leur absence face \u00e0 l\u2019AS FAR. Leur non-convocation a fait couler beaucoup d\u2019encre et de salive. Certains ont affirm\u00e9 que les deux joueurs avaient pr\u00e9text\u00e9 des blessures pour ne pas participer au match et d\u2019autres ont assur\u00e9 qu\u2019ils n\u2019\u00e9taient pas bless\u00e9s et qu\u2019ils &hellip;<\/p>\n","protected":false},"author":3,"featured_media":138416,"comment_status":"closed","ping_status":"closed","sticky":false,"template":"","format":"standard","meta":{"footnotes":""},"categories":[127],"tags":[],"class_list":["post-138377","post","type-post","status-publish","format-standard","has-post-thumbnail","hentry","category-football-algerien"],"_links":{"self":[{"href":"http:\/\/planetesport.dz\/index.php?rest_route=\/wp\/v2\/posts\/138377","targetHints":{"allow":["GET"]}}],"collection":[{"href":"http:\/\/planetesport.dz\/index.php?rest_route=\/wp\/v2\/posts"}],"about":[{"href":"http:\/\/planetesport.dz\/index.php?rest_route=\/wp\/v2\/types\/post"}],"author":[{"embeddable":true,"href":"http:\/\/planetesport.dz\/index.php?rest_route=\/wp\/v2\/users\/3"}],"replies":[{"embeddable":true,"href":"http:\/\/planetesport.dz\/index.php?rest_route=%2Fwp%2Fv2%2Fcomments&post=138377"}],"version-history":[{"count":1,"href":"http:\/\/planetesport.dz\/index.php?rest_route=\/wp\/v2\/posts\/138377\/revisions"}],"predecessor-version":[{"id":138481,"href":"http:\/\/planetesport.dz\/index.php?rest_route=\/wp\/v2\/posts\/138377\/revisions\/138481"}],"wp:featuredmedia":[{"embeddable":true,"href":"http:\/\/planetesport.dz\/index.php?rest_route=\/wp\/v2\/media\/138416"}],"wp:attachment":[{"href":"http:\/\/planetesport.dz\/index.php?rest_route=%2Fwp%2Fv2%2Fmedia&parent=138377"}],"wp:term":[{"taxonomy":"category","embeddable":true,"href":"http:\/\/planetesport.dz\/index.php?rest_route=%2Fwp%2Fv2%2Fcategories&post=138377"},{"taxonomy":"post_tag","embeddable":true,"href":"http:\/\/planetesport.dz\/index.php?rest_route=%2Fwp%2Fv2%2Ftags&post=138377"}],"curies":[{"name":"wp","href":"https:\/\/api.w.org\/{rel}","templated":true}]}}