{"id":138373,"date":"2026-01-24T23:09:06","date_gmt":"2026-01-24T23:09:06","guid":{"rendered":"https:\/\/planetesport.dz\/?p=138373"},"modified":"2026-01-24T23:09:06","modified_gmt":"2026-01-24T23:09:06","slug":"aston-martin-pourrait-aussi-retarder-son-entree-en-piste","status":"publish","type":"post","link":"http:\/\/planetesport.dz\/?p=138373","title":{"rendered":"Aston Martin  pourrait aussi retarder  son entr\u00e9e en piste"},"content":{"rendered":"<p><strong>La premi\u00e8re journ\u00e9e des essais hivernaux de Barcelone, programm\u00e9s du 26 au 30 janvier, pourrait se d\u00e9rouler dans un calme inhabituel. Apr\u00e8s Ferrari et McLaren, qui ont officiellement confirm\u00e9 leur d\u00e9cision de ne pas prendre la piste d\u00e8s le lundi, et le forfait total de Williams, qui a renonc\u00e9 \u00e0 l\u2019ensemble du d\u00e9placement en Catalogne, Aston Martin semble \u00e0 son tour s\u2019orienter vers un report de son d\u00e9but de tests.<\/strong><\/p>\n<p>Selon des informations concordantes relay\u00e9es par les m\u00e9dias espagnols AS et Marca, ainsi que par le site britannique PlanetF1, l\u2019\u00e9curie bas\u00e9e \u00e0 Silverstone n\u2019envisagerait pas de rouler le 26 janvier. Un choix strat\u00e9gique qui attire particuli\u00e8rement l\u2019attention, tant l\u2019\u00e9quipe dirig\u00e9e par Adrian Newey est attendue apr\u00e8s les lourds investissements consentis par Lawrence Stroll dans le cadre de la nouvelle \u00e8re r\u00e9glementaire. La pr\u00e9sence de Fernando Alonso renforce encore l\u2019int\u00e9r\u00eat m\u00e9diatique autour de cette d\u00e9cision. Pour comprendre cette tendance, il faut rappeler le fonctionnement de ces essais : bien que la fen\u00eatre s\u2019\u00e9tende sur cinq jours, chaque \u00e9quipe ne dispose que de trois journ\u00e9es effectives de roulage. Plusieurs \u00e9curies pr\u00e9f\u00e8rent donc volontairement repousser leur entr\u00e9e en piste afin de finaliser leur monoplace et concentrer leurs efforts sur les derni\u00e8res journ\u00e9es, jug\u00e9es plus productives. Reste d\u00e9sormais \u00e0 savoir si cette strat\u00e9gie sera g\u00e9n\u00e9ralis\u00e9e ou si certaines \u00e9quipes choisiront de briser le silence d\u00e8s lundi. Une situation pour le moins in\u00e9dite en Formule 1, qui pourrait r\u00e9server quelques surprises \u00e0 l\u2019approche du d\u00e9but de saison.<\/p>\n<p style=\"text-align: right\"><strong>Amayas LAAZIB<\/strong><\/p>\n","protected":false},"excerpt":{"rendered":"<p>La premi\u00e8re journ\u00e9e des essais hivernaux de Barcelone, programm\u00e9s du 26 au 30 janvier, pourrait se d\u00e9rouler dans un calme inhabituel. Apr\u00e8s Ferrari et McLaren, qui ont officiellement confirm\u00e9 leur d\u00e9cision de ne pas prendre la piste d\u00e8s le lundi, et le forfait total de Williams, qui a renonc\u00e9 \u00e0 l\u2019ensemble du d\u00e9placement en Catalogne, &hellip;<\/p>\n","protected":false},"author":3,"featured_media":138442,"comment_status":"closed","ping_status":"closed","sticky":false,"template":"","format":"standard","meta":{"footnotes":""},"categories":[157],"tags":[],"class_list":["post-138373","post","type-post","status-publish","format-standard","has-post-thumbnail","hentry","category-motosports"],"_links":{"self":[{"href":"http:\/\/planetesport.dz\/index.php?rest_route=\/wp\/v2\/posts\/138373","targetHints":{"allow":["GET"]}}],"collection":[{"href":"http:\/\/planetesport.dz\/index.php?rest_route=\/wp\/v2\/posts"}],"about":[{"href":"http:\/\/planetesport.dz\/index.php?rest_route=\/wp\/v2\/types\/post"}],"author":[{"embeddable":true,"href":"http:\/\/planetesport.dz\/index.php?rest_route=\/wp\/v2\/users\/3"}],"replies":[{"embeddable":true,"href":"http:\/\/planetesport.dz\/index.php?rest_route=%2Fwp%2Fv2%2Fcomments&post=138373"}],"version-history":[{"count":1,"href":"http:\/\/planetesport.dz\/index.php?rest_route=\/wp\/v2\/posts\/138373\/revisions"}],"predecessor-version":[{"id":138479,"href":"http:\/\/planetesport.dz\/index.php?rest_route=\/wp\/v2\/posts\/138373\/revisions\/138479"}],"wp:featuredmedia":[{"embeddable":true,"href":"http:\/\/planetesport.dz\/index.php?rest_route=\/wp\/v2\/media\/138442"}],"wp:attachment":[{"href":"http:\/\/planetesport.dz\/index.php?rest_route=%2Fwp%2Fv2%2Fmedia&parent=138373"}],"wp:term":[{"taxonomy":"category","embeddable":true,"href":"http:\/\/planetesport.dz\/index.php?rest_route=%2Fwp%2Fv2%2Fcategories&post=138373"},{"taxonomy":"post_tag","embeddable":true,"href":"http:\/\/planetesport.dz\/index.php?rest_route=%2Fwp%2Fv2%2Ftags&post=138373"}],"curies":[{"name":"wp","href":"https:\/\/api.w.org\/{rel}","templated":true}]}}