{"id":138111,"date":"2026-01-22T05:58:42","date_gmt":"2026-01-22T05:58:42","guid":{"rendered":"https:\/\/planetesport.dz\/?p=138111"},"modified":"2026-01-22T05:58:42","modified_gmt":"2026-01-22T05:58:42","slug":"audi-devoile-la-livree-de-sa-r26","status":"publish","type":"post","link":"http:\/\/planetesport.dz\/?p=138111","title":{"rendered":"Audi d\u00e9voile la livr\u00e9e de sa R26"},"content":{"rendered":"<p>Audi a lev\u00e9 le voile sur la livr\u00e9e de sa monoplace R26 lors d\u2019une pr\u00e9sentation organis\u00e9e \u00e0 Berlin, marquant ainsi le v\u00e9ritable coup d\u2019envoi de son engagement officiel en Formule 1 \u00e0 partir de la saison 2026. La c\u00e9r\u00e9monie, retransmise en direct sur le site officiel de la marque aux Quatre Anneaux, a permis aux fans et aux observateurs de d\u00e9couvrir l\u2019identit\u00e9 visuelle de la premi\u00e8re Audi con\u00e7ue pour le Championnat du monde de F1. Apr\u00e8s avoir progressivement pris le contr\u00f4le du capital de Sauber, Audi concr\u00e9tise cette ann\u00e9e son entr\u00e9e dans la discipline reine du sport automobile. Le constructeur allemand a confi\u00e9 la direction de son ambitieux projet \u00e0 Mattia Binotto, ancien directeur de la Scuderia Ferrari, qui a notamment r\u00e9ussi \u00e0 attirer Jonathan Wheatley, figure cl\u00e9 de Red Bull, pour occuper le poste de team principal. Sur le plan technique et organisationnel, Audi s\u2019appuie sur une structure r\u00e9partie entre plusieurs sites strat\u00e9giques. La conception et la production de la \u00ab\u00a0power unit\u00a0\u00bb sont assur\u00e9es \u00e0 Neuburg, en Allemagne, tandis que le si\u00e8ge historique de l\u2019\u00e9curie demeure \u00e0 Hinwil, en Suisse.<\/p>\n<p>Une troisi\u00e8me base a \u00e9galement \u00e9t\u00e9 ouverte \u00e0 Bicester, au Royaume-Uni, afin de renforcer les capacit\u00e9s op\u00e9rationnelles de l\u2019\u00e9quipe. C\u00f4t\u00e9 pilotes, Audi a choisi la continuit\u00e9. Nico H\u00fclkenberg et Gabriel Bortoleto ont \u00e9t\u00e9 confirm\u00e9s au volant de la R26. La monoplace a d\u00e9j\u00e0 effectu\u00e9 un premier roulage lors d\u2019un filming day \u00e0 Barcelone, pr\u00e9lude aux essais priv\u00e9s qui se tiendront la semaine prochaine sur le circuit de Montmel\u00f3, o\u00f9 chaque \u00e9quipe disposera de trois journ\u00e9es d\u2019essais \u00e0 huis clos. Avec cette pr\u00e9sentation, Audi affiche clairement ses ambitions et pose les premi\u00e8res pierres d\u2019un projet appel\u00e9 \u00e0 marquer durablement la Formule 1.<\/p>\n<p style=\"text-align: right\"><strong>Djaffar KHODJA<\/strong><\/p>\n","protected":false},"excerpt":{"rendered":"<p>Audi a lev\u00e9 le voile sur la livr\u00e9e de sa monoplace R26 lors d\u2019une pr\u00e9sentation organis\u00e9e \u00e0 Berlin, marquant ainsi le v\u00e9ritable coup d\u2019envoi de son engagement officiel en Formule 1 \u00e0 partir de la saison 2026. La c\u00e9r\u00e9monie, retransmise en direct sur le site officiel de la marque aux Quatre Anneaux, a permis aux &hellip;<\/p>\n","protected":false},"author":3,"featured_media":138158,"comment_status":"closed","ping_status":"closed","sticky":false,"template":"","format":"standard","meta":{"footnotes":""},"categories":[157],"tags":[],"class_list":["post-138111","post","type-post","status-publish","format-standard","has-post-thumbnail","hentry","category-motosports"],"_links":{"self":[{"href":"http:\/\/planetesport.dz\/index.php?rest_route=\/wp\/v2\/posts\/138111","targetHints":{"allow":["GET"]}}],"collection":[{"href":"http:\/\/planetesport.dz\/index.php?rest_route=\/wp\/v2\/posts"}],"about":[{"href":"http:\/\/planetesport.dz\/index.php?rest_route=\/wp\/v2\/types\/post"}],"author":[{"embeddable":true,"href":"http:\/\/planetesport.dz\/index.php?rest_route=\/wp\/v2\/users\/3"}],"replies":[{"embeddable":true,"href":"http:\/\/planetesport.dz\/index.php?rest_route=%2Fwp%2Fv2%2Fcomments&post=138111"}],"version-history":[{"count":1,"href":"http:\/\/planetesport.dz\/index.php?rest_route=\/wp\/v2\/posts\/138111\/revisions"}],"predecessor-version":[{"id":138190,"href":"http:\/\/planetesport.dz\/index.php?rest_route=\/wp\/v2\/posts\/138111\/revisions\/138190"}],"wp:featuredmedia":[{"embeddable":true,"href":"http:\/\/planetesport.dz\/index.php?rest_route=\/wp\/v2\/media\/138158"}],"wp:attachment":[{"href":"http:\/\/planetesport.dz\/index.php?rest_route=%2Fwp%2Fv2%2Fmedia&parent=138111"}],"wp:term":[{"taxonomy":"category","embeddable":true,"href":"http:\/\/planetesport.dz\/index.php?rest_route=%2Fwp%2Fv2%2Fcategories&post=138111"},{"taxonomy":"post_tag","embeddable":true,"href":"http:\/\/planetesport.dz\/index.php?rest_route=%2Fwp%2Fv2%2Ftags&post=138111"}],"curies":[{"name":"wp","href":"https:\/\/api.w.org\/{rel}","templated":true}]}}