{"id":137917,"date":"2026-01-20T23:15:31","date_gmt":"2026-01-20T23:15:31","guid":{"rendered":"https:\/\/planetesport.dz\/?p=137917"},"modified":"2026-01-20T23:15:31","modified_gmt":"2026-01-20T23:15:31","slug":"acosta-ducati-dalligna-recadre-rivola","status":"publish","type":"post","link":"http:\/\/planetesport.dz\/?p=137917","title":{"rendered":"Acosta\u2013Ducati : Dall\u2019Igna recadre Rivola"},"content":{"rendered":"<p>Lors de la pr\u00e9sentation de l\u2019Aprilia 2026, le PDG de la marque de Noale, Massimo Rivola, s\u2019est longuement exprim\u00e9 sur le march\u00e9 des pilotes. Un discours au cours duquel le dirigeant italien a laiss\u00e9 entendre, de mani\u00e8re appuy\u00e9e, que Pedro Acosta pourrait rejoindre Ducati, une d\u00e9claration qui n\u2019a pas manqu\u00e9 de faire r\u00e9agir le paddock. Interrog\u00e9 quelques jours plus tard par DAZN Espagne, Gigi Dall\u2019Igna, directeur g\u00e9n\u00e9ral de Ducati Corse, a r\u00e9pondu avec ironie et fermet\u00e9 : \u00ab J\u2019ai vu que Rivola a parl\u00e9 davantage de Ducati que d\u2019Aprilia pendant sa pr\u00e9sentation\u2026 Je lui laisse toutes les consid\u00e9rations qu\u2019il souhaite \u00bb. Le responsable technique a rappel\u00e9 que la priorit\u00e9 de la marque de Borgo Panigale reste la prolongation de Marc M\u00e1rquez : \u00ab C\u2019est le champion en titre et nous voulons conclure avant le d\u00e9but du championnat \u00bb. Claudio Domenicali, PDG de Ducati, a quant \u00e0 lui adopt\u00e9 un ton plus diplomate, soulignant que ces \u00e9changes font partie du spectacle de la MotoGP, sans d\u00e9tourner Ducati de sa strat\u00e9gie.<\/p>\n<p style=\"text-align: right\">\n<strong>Djaffar KHODJA<\/strong><\/p>\n","protected":false},"excerpt":{"rendered":"<p>Lors de la pr\u00e9sentation de l\u2019Aprilia 2026, le PDG de la marque de Noale, Massimo Rivola, s\u2019est longuement exprim\u00e9 sur le march\u00e9 des pilotes. Un discours au cours duquel le dirigeant italien a laiss\u00e9 entendre, de mani\u00e8re appuy\u00e9e, que Pedro Acosta pourrait rejoindre Ducati, une d\u00e9claration qui n\u2019a pas manqu\u00e9 de faire r\u00e9agir le paddock. &hellip;<\/p>\n","protected":false},"author":3,"featured_media":137982,"comment_status":"closed","ping_status":"closed","sticky":false,"template":"","format":"standard","meta":{"footnotes":""},"categories":[157],"tags":[],"class_list":["post-137917","post","type-post","status-publish","format-standard","has-post-thumbnail","hentry","category-motosports"],"_links":{"self":[{"href":"http:\/\/planetesport.dz\/index.php?rest_route=\/wp\/v2\/posts\/137917","targetHints":{"allow":["GET"]}}],"collection":[{"href":"http:\/\/planetesport.dz\/index.php?rest_route=\/wp\/v2\/posts"}],"about":[{"href":"http:\/\/planetesport.dz\/index.php?rest_route=\/wp\/v2\/types\/post"}],"author":[{"embeddable":true,"href":"http:\/\/planetesport.dz\/index.php?rest_route=\/wp\/v2\/users\/3"}],"replies":[{"embeddable":true,"href":"http:\/\/planetesport.dz\/index.php?rest_route=%2Fwp%2Fv2%2Fcomments&post=137917"}],"version-history":[{"count":1,"href":"http:\/\/planetesport.dz\/index.php?rest_route=\/wp\/v2\/posts\/137917\/revisions"}],"predecessor-version":[{"id":137987,"href":"http:\/\/planetesport.dz\/index.php?rest_route=\/wp\/v2\/posts\/137917\/revisions\/137987"}],"wp:featuredmedia":[{"embeddable":true,"href":"http:\/\/planetesport.dz\/index.php?rest_route=\/wp\/v2\/media\/137982"}],"wp:attachment":[{"href":"http:\/\/planetesport.dz\/index.php?rest_route=%2Fwp%2Fv2%2Fmedia&parent=137917"}],"wp:term":[{"taxonomy":"category","embeddable":true,"href":"http:\/\/planetesport.dz\/index.php?rest_route=%2Fwp%2Fv2%2Fcategories&post=137917"},{"taxonomy":"post_tag","embeddable":true,"href":"http:\/\/planetesport.dz\/index.php?rest_route=%2Fwp%2Fv2%2Ftags&post=137917"}],"curies":[{"name":"wp","href":"https:\/\/api.w.org\/{rel}","templated":true}]}}