{"id":137916,"date":"2026-01-20T23:15:29","date_gmt":"2026-01-20T23:15:29","guid":{"rendered":"https:\/\/planetesport.dz\/?p=137916"},"modified":"2026-01-20T23:15:29","modified_gmt":"2026-01-20T23:15:29","slug":"domenicali-repond-avec-elegance-a-la-provocation-de-biaggi","status":"publish","type":"post","link":"http:\/\/planetesport.dz\/?p=137916","title":{"rendered":"Domenicali r\u00e9pond avec \u00e9l\u00e9gance \u00e0 la provocation de Biaggi"},"content":{"rendered":"<p>La sortie de Max Biaggi n\u2019est pas pass\u00e9e inaper\u00e7ue dans le paddock MotoGP. Ambassadeur d\u2019Aprilia, l\u2019ancien champion du monde s\u2019est amus\u00e9, sourire aux l\u00e8vres, \u00e0 relancer la rivalit\u00e9 avec Ducati en affirmant que \u00ab le seul constructeur italien du paddock \u00bb serait Aprilia, insinuant que Ducati, propri\u00e9t\u00e9 du groupe Audi, serait devenue allemande. Une d\u00e9claration aussit\u00f4t relay\u00e9e et largement comment\u00e9e. Lors de la pr\u00e9sentation de la Ducati GP26, Claudio Domenicali, administrateur d\u00e9l\u00e9gu\u00e9 de la marque de Borgo Panigale, a tenu \u00e0 r\u00e9pondre, sans alimenter la pol\u00e9mique. Avec calme et ironie, le dirigeant italien a rappel\u00e9 l\u2019identit\u00e9 profond\u00e9ment transalpine de Ducati : \u00ab Max nous conna\u00eet bien. Je suis PDG depuis 2013 et j\u2019ai un passeport italien. Quand on vient chez Ducati, on constate que 99,97% du personnel est italien. Apr\u00e8s, chacun est libre de tirer ses conclusions \u00bb. Une r\u00e9plique mesur\u00e9e, \u00e0 l\u2019image de la strat\u00e9gie de Ducati.<\/p>\n<p style=\"text-align: right\"><strong>Djaffar KHODJA<\/strong><\/p>\n","protected":false},"excerpt":{"rendered":"<p>La sortie de Max Biaggi n\u2019est pas pass\u00e9e inaper\u00e7ue dans le paddock MotoGP. Ambassadeur d\u2019Aprilia, l\u2019ancien champion du monde s\u2019est amus\u00e9, sourire aux l\u00e8vres, \u00e0 relancer la rivalit\u00e9 avec Ducati en affirmant que \u00ab le seul constructeur italien du paddock \u00bb serait Aprilia, insinuant que Ducati, propri\u00e9t\u00e9 du groupe Audi, serait devenue allemande. Une d\u00e9claration &hellip;<\/p>\n","protected":false},"author":3,"featured_media":137981,"comment_status":"closed","ping_status":"closed","sticky":false,"template":"","format":"standard","meta":{"footnotes":""},"categories":[157],"tags":[],"class_list":["post-137916","post","type-post","status-publish","format-standard","has-post-thumbnail","hentry","category-motosports"],"_links":{"self":[{"href":"http:\/\/planetesport.dz\/index.php?rest_route=\/wp\/v2\/posts\/137916","targetHints":{"allow":["GET"]}}],"collection":[{"href":"http:\/\/planetesport.dz\/index.php?rest_route=\/wp\/v2\/posts"}],"about":[{"href":"http:\/\/planetesport.dz\/index.php?rest_route=\/wp\/v2\/types\/post"}],"author":[{"embeddable":true,"href":"http:\/\/planetesport.dz\/index.php?rest_route=\/wp\/v2\/users\/3"}],"replies":[{"embeddable":true,"href":"http:\/\/planetesport.dz\/index.php?rest_route=%2Fwp%2Fv2%2Fcomments&post=137916"}],"version-history":[{"count":1,"href":"http:\/\/planetesport.dz\/index.php?rest_route=\/wp\/v2\/posts\/137916\/revisions"}],"predecessor-version":[{"id":137986,"href":"http:\/\/planetesport.dz\/index.php?rest_route=\/wp\/v2\/posts\/137916\/revisions\/137986"}],"wp:featuredmedia":[{"embeddable":true,"href":"http:\/\/planetesport.dz\/index.php?rest_route=\/wp\/v2\/media\/137981"}],"wp:attachment":[{"href":"http:\/\/planetesport.dz\/index.php?rest_route=%2Fwp%2Fv2%2Fmedia&parent=137916"}],"wp:term":[{"taxonomy":"category","embeddable":true,"href":"http:\/\/planetesport.dz\/index.php?rest_route=%2Fwp%2Fv2%2Fcategories&post=137916"},{"taxonomy":"post_tag","embeddable":true,"href":"http:\/\/planetesport.dz\/index.php?rest_route=%2Fwp%2Fv2%2Ftags&post=137916"}],"curies":[{"name":"wp","href":"https:\/\/api.w.org\/{rel}","templated":true}]}}