{"id":137830,"date":"2026-01-20T06:23:04","date_gmt":"2026-01-20T06:23:04","guid":{"rendered":"https:\/\/planetesport.dz\/?p=137830"},"modified":"2026-01-20T06:23:04","modified_gmt":"2026-01-20T06:23:04","slug":"les-ligues-de-bejaia-oran-et-bouira-regnent-sur-ledition-2026","status":"publish","type":"post","link":"http:\/\/planetesport.dz\/?p=137830","title":{"rendered":"Les Ligues de B\u00e9ja\u00efa, Oran et Bouira r\u00e8gnent sur l\u2019\u00e9dition 2026"},"content":{"rendered":"<p>Les lutteuses des ligues de B\u00e9ja\u00efa, d\u2019Oran et de Bouira ont largement marqu\u00e9 de leur empreinte le championnat d\u2019Alg\u00e9rie f\u00e9minin individuel de luttes associ\u00e9es, toutes cat\u00e9gories confondues, qui s\u2019est achev\u00e9 samedi \u00e0 la salle omnisports de Tichy (wilaya de B\u00e9ja\u00efa). Au terme de deux journ\u00e9es de combats intenses, les repr\u00e9sentantes de ces trois ligues se sont illustr\u00e9es par leur ma\u00eetrise technique, leur engagement et leur r\u00e9gularit\u00e9, s\u2019adjugeant un nombre cons\u00e9quent de titres nationaux. Tout au long de la comp\u00e9tition, les athl\u00e8tes issues de B\u00e9ja\u00efa, d\u2019Oran et de Bouira ont confirm\u00e9, sur les diff\u00e9rents tapis et dans l\u2019ensemble des tranches d\u2019\u00e2ge, la qualit\u00e9 de leur pr\u00e9paration et la solidit\u00e9 de leur encadrement. Leur pr\u00e9sence constante dans les phases finales, aussi bien chez les jeunes cat\u00e9gories que chez les seniors, a t\u00e9moign\u00e9 d\u2019une domination assum\u00e9e et d\u2019un r\u00e9el savoir-faire en mati\u00e8re de formation, fruit d\u2019un travail de longue haleine men\u00e9 au sein des clubs et des ligues concern\u00e9es.<\/p>\n<p>Cette \u00e9dition du championnat d\u2019Alg\u00e9rie f\u00e9minin a r\u00e9uni pr\u00e8s de 300 lutteuses, toutes cat\u00e9gories confondues, repr\u00e9sentant douze ligues de diff\u00e9rentes wilayas du pays. Ce large plateau a conf\u00e9r\u00e9 \u00e0 l\u2019\u00e9v\u00e9nement une envergure nationale affirm\u00e9e et une densit\u00e9 comp\u00e9titive appr\u00e9ciable. L\u2019organisation a \u00e9t\u00e9 assur\u00e9e par la ligue de B\u00e9ja\u00efa de luttes associ\u00e9es, en \u00e9troite coordination avec la F\u00e9d\u00e9ration alg\u00e9rienne de luttes associ\u00e9es (FALA), qui ont mobilis\u00e9 d\u2019importants moyens humains et logistiques pour garantir le bon d\u00e9roulement des \u00e9preuves dans une salle de Tichy transform\u00e9e, le temps d\u2019un week-end, en v\u00e9ritable th\u00e9\u00e2tre de la lutte f\u00e9minine alg\u00e9rienne.<br \/>\nSur le plan purement sportif, le directeur technique national, Zerrouki Abdelghani, s\u2019est montr\u00e9 globalement satisfait du niveau affich\u00e9. Il a qualifi\u00e9 la prestation d\u2019ensemble d\u2019\u00ab appr\u00e9ciable \u00bb, soulignant avoir relev\u00e9 un contenu technique int\u00e9ressant dans plusieurs finales. Il a particuli\u00e8rement mis en avant les cat\u00e9gories cadettes et juniors, o\u00f9 l\u2019on a pu observer, selon lui, des combats disput\u00e9s, une bonne lecture tactique et une vari\u00e9t\u00e9 de gestes ma\u00eetris\u00e9s, autant d\u2019\u00e9l\u00e9ments qui laissent pr\u00e9sager un avenir prometteur pour la discipline.<\/p>\n<p>Pour le DTN, ce championnat avait \u00e9galement une dimension strat\u00e9gique. Il a rappel\u00e9 que cette comp\u00e9tition constituait une \u00e9tape importante dans le dispositif de d\u00e9tection et de s\u00e9lection mis en place par la FALA en vue du prochain Championnat d\u2019Afrique de luttes associ\u00e9es, pr\u00e9vu du 27 avril au 2 mai prochains en \u00c9gypte. Les meilleures lutteuses rep\u00e9r\u00e9es \u00e0 Tichy pourraient ainsi venir renforcer l\u2019\u00e9quipe nationale f\u00e9minine, appel\u00e9e \u00e0 d\u00e9fendre les couleurs alg\u00e9riennes sur la sc\u00e8ne continentale. L\u2019\u00e9v\u00e9nement a donc servi, au-del\u00e0 de l\u2019enjeu des titres nationaux, de v\u00e9ritable banc d\u2019essai pour \u00e9valuer le r\u00e9servoir de talents et affiner les choix du staff technique. La c\u00e9r\u00e9monie de cl\u00f4ture, organis\u00e9e \u00e0 l\u2019issue des derni\u00e8res finales, a permis de mettre \u00e0 l\u2019honneur l\u2019ensemble des laur\u00e9ates. Les championnes et m\u00e9daill\u00e9es des diff\u00e9rentes cat\u00e9gories ont re\u00e7u troph\u00e9es, m\u00e9dailles et distinctions sous les applaudissements du public et en pr\u00e9sence de plusieurs responsables de la FALA, ainsi que de repr\u00e9sentants de la direction de la jeunesse et des sports de la wilaya de B\u00e9ja\u00efa. Ce moment protocolaire est venu consacrer deux journ\u00e9es de comp\u00e9tition intenses et a symbolis\u00e9, par la m\u00eame occasion, la progression constante de la lutte f\u00e9minine en Alg\u00e9rie, port\u00e9e par des ligues dynamiques et un encadrement f\u00e9d\u00e9ral qui mise r\u00e9solument sur la rel\u00e8ve.<\/p>\n<p style=\"text-align: right\">\n<strong>Walim Mansouri<\/strong><\/p>\n","protected":false},"excerpt":{"rendered":"<p>Les lutteuses des ligues de B\u00e9ja\u00efa, d\u2019Oran et de Bouira ont largement marqu\u00e9 de leur empreinte le championnat d\u2019Alg\u00e9rie f\u00e9minin individuel de luttes associ\u00e9es, toutes cat\u00e9gories confondues, qui s\u2019est achev\u00e9 samedi \u00e0 la salle omnisports de Tichy (wilaya de B\u00e9ja\u00efa). Au terme de deux journ\u00e9es de combats intenses, les repr\u00e9sentantes de ces trois ligues se &hellip;<\/p>\n","protected":false},"author":3,"featured_media":137863,"comment_status":"closed","ping_status":"closed","sticky":false,"template":"","format":"standard","meta":{"footnotes":""},"categories":[164,129],"tags":[],"class_list":["post-137830","post","type-post","status-publish","format-standard","has-post-thumbnail","hentry","category-arts-martiaux","category-omnisport"],"_links":{"self":[{"href":"http:\/\/planetesport.dz\/index.php?rest_route=\/wp\/v2\/posts\/137830","targetHints":{"allow":["GET"]}}],"collection":[{"href":"http:\/\/planetesport.dz\/index.php?rest_route=\/wp\/v2\/posts"}],"about":[{"href":"http:\/\/planetesport.dz\/index.php?rest_route=\/wp\/v2\/types\/post"}],"author":[{"embeddable":true,"href":"http:\/\/planetesport.dz\/index.php?rest_route=\/wp\/v2\/users\/3"}],"replies":[{"embeddable":true,"href":"http:\/\/planetesport.dz\/index.php?rest_route=%2Fwp%2Fv2%2Fcomments&post=137830"}],"version-history":[{"count":1,"href":"http:\/\/planetesport.dz\/index.php?rest_route=\/wp\/v2\/posts\/137830\/revisions"}],"predecessor-version":[{"id":137897,"href":"http:\/\/planetesport.dz\/index.php?rest_route=\/wp\/v2\/posts\/137830\/revisions\/137897"}],"wp:featuredmedia":[{"embeddable":true,"href":"http:\/\/planetesport.dz\/index.php?rest_route=\/wp\/v2\/media\/137863"}],"wp:attachment":[{"href":"http:\/\/planetesport.dz\/index.php?rest_route=%2Fwp%2Fv2%2Fmedia&parent=137830"}],"wp:term":[{"taxonomy":"category","embeddable":true,"href":"http:\/\/planetesport.dz\/index.php?rest_route=%2Fwp%2Fv2%2Fcategories&post=137830"},{"taxonomy":"post_tag","embeddable":true,"href":"http:\/\/planetesport.dz\/index.php?rest_route=%2Fwp%2Fv2%2Ftags&post=137830"}],"curies":[{"name":"wp","href":"https:\/\/api.w.org\/{rel}","templated":true}]}}