{"id":137826,"date":"2026-01-20T06:22:14","date_gmt":"2026-01-20T06:22:14","guid":{"rendered":"https:\/\/planetesport.dz\/?p=137826"},"modified":"2026-01-20T06:22:14","modified_gmt":"2026-01-20T06:22:14","slug":"le-barca-en-furie-contre-larbitre-gil-manzano-apres-une-defaite-controversee-face-a-la-real-sociedad","status":"publish","type":"post","link":"http:\/\/planetesport.dz\/?p=137826","title":{"rendered":"Le Bar\u00e7a en furie contre l\u2019arbitre Gil Manzano apr\u00e8s une d\u00e9faite controvers\u00e9e face \u00e0 la Real Sociedad"},"content":{"rendered":"<p>La soir\u00e9e de dimanche \u00e0 Anoeta ne devait \u00eatre qu\u2019une rencontre de championnat ordinaire pour Barcelone, mais elle a pris une tournure pol\u00e9mique, laissant place \u00e0 la frustration. Apr\u00e8s une d\u00e9faite 2-1 face \u00e0 la Real Sociedad, les Blaugranas se sont montr\u00e9s furieux envers l\u2019arbitre Jes\u00fas Gil Manzano, dont les d\u00e9cisions ont provoqu\u00e9 l\u2019indignation sur le terrain comme en dehors. Buts refus\u00e9s : le plus notable \u00e9tant une frappe de Lamine Yamal signal\u00e9 hors-jeu, une d\u00e9cision jug\u00e9e millim\u00e9trique (voire inexistante) par beaucoup, y compris par les joueurs du Bar\u00e7a. Interventions de la VAR et penalties : un penalty a \u00e9t\u00e9 annul\u00e9, tandis que d\u2019autres actions qui auraient pu tourner \u00e0 l\u2019avantage de Barcelone ont \u00e9t\u00e9 ignor\u00e9es. Passif des cartons rouges et pol\u00e9mique du temps additionnel : Gil Manzano a un lourd passif avec le Bar\u00e7a, et ce match a ajout\u00e9 un nouveau chapitre. Sa gestion des arr\u00eats de jeu, sifflant la fin de la rencontre deux secondes avant la fin des neuf minutes annonc\u00e9es, a exacerb\u00e9 la frustration de l\u2019\u00e9quipe.<\/p>\n<p>La r\u00e9currence des d\u00e9cisions litigieuses de cet arbitre contre Barcelone est bien document\u00e9e : il a distribu\u00e9 12 cartons rouges en 45 matchs impliquant le Bar\u00e7a, plus que contre n\u2019importe quelle autre \u00e9quipe dans sa carri\u00e8re, incluant les exclusions pass\u00e9es de stars comme Messi, Su\u00e1rez, Neymar et Lewandowski. Frenkie de Jong, portant le brassard de capitaine, n\u2019a pas m\u00e2ch\u00e9 ses mots. Il a d\u00e9crit l\u2019attitude de l\u2019arbitre comme m\u00e9prisante, voire \u00ab arrogante \u00bb, affirmant que la communication \u00e9tait quasi impossible et soulignant \u00e0 quel point l\u2019arbitrage a affect\u00e9 la concentration de l\u2019\u00e9quipe. L\u2019entra\u00eeneur Hansi Flick a abond\u00e9 dans le m\u00eame sens, faisant remarquer que les d\u00e9cisions controvers\u00e9es \u00e9taient visibles aux yeux de tous et laissant entendre qu\u2019elles ont pes\u00e9 sur le r\u00e9sultat final. Ajoutant une touche d\u2019ironie \u00e0 la frustration, le milieu de terrain Ferm\u00edn L\u00f3pez a partag\u00e9 sur Instagram une capture d\u2019\u00e9cran de l\u2019image VAR ayant invalid\u00e9 le but de Yamal, accompagn\u00e9e d\u2019\u00e9mojis hilares et d\u2019un message d\u2019unit\u00e9 : \u00ab Fier de mon \u00e9quipe, ils ne pourront pas nous abattre \u00bb. Rapporte le site tribuna.com.<\/p>\n","protected":false},"excerpt":{"rendered":"<p>La soir\u00e9e de dimanche \u00e0 Anoeta ne devait \u00eatre qu\u2019une rencontre de championnat ordinaire pour Barcelone, mais elle a pris une tournure pol\u00e9mique, laissant place \u00e0 la frustration. Apr\u00e8s une d\u00e9faite 2-1 face \u00e0 la Real Sociedad, les Blaugranas se sont montr\u00e9s furieux envers l\u2019arbitre Jes\u00fas Gil Manzano, dont les d\u00e9cisions ont provoqu\u00e9 l\u2019indignation sur &hellip;<\/p>\n","protected":false},"author":3,"featured_media":137859,"comment_status":"closed","ping_status":"closed","sticky":false,"template":"","format":"standard","meta":{"footnotes":""},"categories":[128],"tags":[],"class_list":["post-137826","post","type-post","status-publish","format-standard","has-post-thumbnail","hentry","category-football-etranger"],"_links":{"self":[{"href":"http:\/\/planetesport.dz\/index.php?rest_route=\/wp\/v2\/posts\/137826","targetHints":{"allow":["GET"]}}],"collection":[{"href":"http:\/\/planetesport.dz\/index.php?rest_route=\/wp\/v2\/posts"}],"about":[{"href":"http:\/\/planetesport.dz\/index.php?rest_route=\/wp\/v2\/types\/post"}],"author":[{"embeddable":true,"href":"http:\/\/planetesport.dz\/index.php?rest_route=\/wp\/v2\/users\/3"}],"replies":[{"embeddable":true,"href":"http:\/\/planetesport.dz\/index.php?rest_route=%2Fwp%2Fv2%2Fcomments&post=137826"}],"version-history":[{"count":1,"href":"http:\/\/planetesport.dz\/index.php?rest_route=\/wp\/v2\/posts\/137826\/revisions"}],"predecessor-version":[{"id":137894,"href":"http:\/\/planetesport.dz\/index.php?rest_route=\/wp\/v2\/posts\/137826\/revisions\/137894"}],"wp:featuredmedia":[{"embeddable":true,"href":"http:\/\/planetesport.dz\/index.php?rest_route=\/wp\/v2\/media\/137859"}],"wp:attachment":[{"href":"http:\/\/planetesport.dz\/index.php?rest_route=%2Fwp%2Fv2%2Fmedia&parent=137826"}],"wp:term":[{"taxonomy":"category","embeddable":true,"href":"http:\/\/planetesport.dz\/index.php?rest_route=%2Fwp%2Fv2%2Fcategories&post=137826"},{"taxonomy":"post_tag","embeddable":true,"href":"http:\/\/planetesport.dz\/index.php?rest_route=%2Fwp%2Fv2%2Ftags&post=137826"}],"curies":[{"name":"wp","href":"https:\/\/api.w.org\/{rel}","templated":true}]}}