{"id":137825,"date":"2026-01-20T06:22:10","date_gmt":"2026-01-20T06:22:10","guid":{"rendered":"https:\/\/planetesport.dz\/?p=137825"},"modified":"2026-01-20T06:22:10","modified_gmt":"2026-01-20T06:22:10","slug":"monaco-pogba-toujours-absent-pour-le-real","status":"publish","type":"post","link":"http:\/\/planetesport.dz\/?p=137825","title":{"rendered":"Monaco : Pogba toujours absent pour le Real"},"content":{"rendered":"<p>Touch\u00e9 au mollet en d\u00e9cembre dernier, le milieu de terrain de l\u2019AS Monaco Paul Pogba (32 ans) ne sera pas de retour pour d\u00e9fier le Real Madrid ce mardi en Ligue des champions. Toujours \u00ab en r\u00e9athl\u00e9tisation \u00bb, l\u2019international fran\u00e7ais ne figure pas dans le groupe de l\u2019entra\u00eeneur mon\u00e9gasque S\u00e9bastien Pocognoli pour ce d\u00e9placement en Espagne.<br \/>\nIl faut \u00e9galement noter les absences du gardien Lukas Hradecky et du d\u00e9fenseur polyvalent Christian Mawissa, toujours \u00e0 l\u2019infirmerie. Bien \u00e9videmment, le piston polyvalent Kr\u00e9pin Diatta et le milieu Lamine Camara sont aussi indisponibles. Rapporte le site maxifoot.fr.<\/p>\n","protected":false},"excerpt":{"rendered":"<p>Touch\u00e9 au mollet en d\u00e9cembre dernier, le milieu de terrain de l\u2019AS Monaco Paul Pogba (32 ans) ne sera pas de retour pour d\u00e9fier le Real Madrid ce mardi en Ligue des champions. Toujours \u00ab en r\u00e9athl\u00e9tisation \u00bb, l\u2019international fran\u00e7ais ne figure pas dans le groupe de l\u2019entra\u00eeneur mon\u00e9gasque S\u00e9bastien Pocognoli pour ce d\u00e9placement en &hellip;<\/p>\n","protected":false},"author":3,"featured_media":137858,"comment_status":"closed","ping_status":"closed","sticky":false,"template":"","format":"standard","meta":{"footnotes":""},"categories":[128],"tags":[],"class_list":["post-137825","post","type-post","status-publish","format-standard","has-post-thumbnail","hentry","category-football-etranger"],"_links":{"self":[{"href":"http:\/\/planetesport.dz\/index.php?rest_route=\/wp\/v2\/posts\/137825","targetHints":{"allow":["GET"]}}],"collection":[{"href":"http:\/\/planetesport.dz\/index.php?rest_route=\/wp\/v2\/posts"}],"about":[{"href":"http:\/\/planetesport.dz\/index.php?rest_route=\/wp\/v2\/types\/post"}],"author":[{"embeddable":true,"href":"http:\/\/planetesport.dz\/index.php?rest_route=\/wp\/v2\/users\/3"}],"replies":[{"embeddable":true,"href":"http:\/\/planetesport.dz\/index.php?rest_route=%2Fwp%2Fv2%2Fcomments&post=137825"}],"version-history":[{"count":1,"href":"http:\/\/planetesport.dz\/index.php?rest_route=\/wp\/v2\/posts\/137825\/revisions"}],"predecessor-version":[{"id":137893,"href":"http:\/\/planetesport.dz\/index.php?rest_route=\/wp\/v2\/posts\/137825\/revisions\/137893"}],"wp:featuredmedia":[{"embeddable":true,"href":"http:\/\/planetesport.dz\/index.php?rest_route=\/wp\/v2\/media\/137858"}],"wp:attachment":[{"href":"http:\/\/planetesport.dz\/index.php?rest_route=%2Fwp%2Fv2%2Fmedia&parent=137825"}],"wp:term":[{"taxonomy":"category","embeddable":true,"href":"http:\/\/planetesport.dz\/index.php?rest_route=%2Fwp%2Fv2%2Fcategories&post=137825"},{"taxonomy":"post_tag","embeddable":true,"href":"http:\/\/planetesport.dz\/index.php?rest_route=%2Fwp%2Fv2%2Ftags&post=137825"}],"curies":[{"name":"wp","href":"https:\/\/api.w.org\/{rel}","templated":true}]}}