{"id":137641,"date":"2026-01-18T22:50:00","date_gmt":"2026-01-18T22:50:00","guid":{"rendered":"https:\/\/planetesport.dz\/?p=137641"},"modified":"2026-01-18T22:50:00","modified_gmt":"2026-01-18T22:50:00","slug":"jurgen-klopp-au-real-madrid-la-reponse-hilarante","status":"publish","type":"post","link":"http:\/\/planetesport.dz\/?p=137641","title":{"rendered":"Jurgen Klopp au Real Madrid, la r\u00e9ponse hilarante"},"content":{"rendered":"<p><strong>J\u00fcrgen Klopp a r\u00e9agi avec humour \u00e0 une remarque ironique d&rsquo;un journaliste concernant le Real Madrid, alors que le nom de l&rsquo;entra\u00eeneur allemand continue d&rsquo;appara\u00eetre sur le banc du Bernab\u00e9u.<\/strong><\/p>\n<p>L&rsquo;ancien manager de Liverpool et du Borussia Dortmund figure parmi les candidats pressentis pour succ\u00e9der \u00e0 Xabi Alonso, limog\u00e9 apr\u00e8s moins de huit mois \u00e0 la t\u00eate du club madril\u00e8ne. Apr\u00e8s des mois de sp\u00e9culations intenses sur son avenir, Alonso a quitt\u00e9 son poste d&rsquo;entra\u00eeneur du Real Madrid lundi. Si le club a annonc\u00e9 une d\u00e9cision \u00ab d&rsquo;un commun accord \u00bb, il a \u00e9t\u00e9 largement rapport\u00e9 que l&rsquo;Espagnol \u2013 qui a \u00e9volu\u00e9 chez les Merengues en tant que joueur entre 2009 et 2014 \u2013 a \u00e9t\u00e9 limog\u00e9 suite \u00e0 la d\u00e9faite 3-2 du club en finale de la Supercoupe d&rsquo;Espagne face \u00e0 Barcelone, son rival historique. Le Real Madrid a d\u00e9clar\u00e9 dans un communiqu\u00e9 : \u00ab Xabi Alonso aura toujours l&rsquo;affection et l&rsquo;admiration de tous les supporters madril\u00e8nes car il est une l\u00e9gende du Real Madrid et a toujours incarn\u00e9 les valeurs de notre club. Le Real Madrid restera toujours sa maison.<\/p>\n<p>Notre club remercie Xabi Alonso et l&rsquo;ensemble de son staff technique pour leur travail et leur d\u00e9vouement durant cette p\u00e9riode, et leur souhaite le meilleur pour la suite de leur parcours. \u00bb Alonso a \u00e9t\u00e9 nomm\u00e9 successeur de Carlo Ancelotti au Real Madrid en juin 2025, apr\u00e8s avoir re\u00e7u des \u00e9loges unanimes pour son travail au Bayer Leverkusen, qu&rsquo;il a men\u00e9 au doubl\u00e9 Bundesliga-Coupe d&rsquo;Allemagne en 2023-2024. L&rsquo;entra\u00eeneur de 44 ans a depuis \u00e9t\u00e9 remplac\u00e9 par Alvaro Arbeloa, mais le mandat de son ancien co\u00e9quipier de Liverpool a d\u00e9but\u00e9 de fa\u00e7on cauchemardesque, le Real s&rsquo;inclinant 3-2 face \u00e0 Albacete, pensionnaire de deuxi\u00e8me division, en Coupe du Roi mercredi. La dur\u00e9e du contrat d&rsquo;Arbeloa n&rsquo;\u00e9tant pas divulgu\u00e9e, les sp\u00e9culations vont bon train quant \u00e0 la volont\u00e9 du Real de se laisser toutes les options ouvertes afin de trouver le successeur id\u00e9al d&rsquo;Alonso sur le long terme.<\/p>\n<p>Un homme dont le nom est r\u00e9guli\u00e8rement cit\u00e9 pour un transfert retentissant au Real Madrid est J\u00fcrgen Klopp, sans emploi depuis son d\u00e9part de Liverpool \u00e0 la fin de la saison 2023-2024 de Premier League. Alors que les rumeurs d&rsquo;un possible transfert au Real Madrid vont bon train, Klopp a d\u00fb r\u00e9pondre \u00e0 une question indiscr\u00e8te d&rsquo;un journaliste cette semaine, alors qu&rsquo;il assistait \u00e0 un match de basket. Interrog\u00e9 bri\u00e8vement par ESPN Pays-Bas lors du match NBA opposant Orlando Magic aux Memphis Grizzlies \u00e0 Berlin, l&rsquo;entra\u00eeneur s&rsquo;est entendu dire qu&rsquo;\u00ab au Real Madrid, on adore le basket aussi \u00bb, une allusion au Real Madrid Baloncesto, consid\u00e9r\u00e9 comme l&rsquo;une des meilleures \u00e9quipes de basket d&rsquo;Europe. Fid\u00e8le \u00e0 son habitude, Klopp a \u00e9clat\u00e9 de rire en r\u00e9action \u00e0 cette remarque. Avant d&rsquo;ajouter poliment : \u00ab Oui, c&rsquo;est super. Peut-\u00eatre que certains d&rsquo;entre eux [au Real] ont regard\u00e9 le match ce soir. \u00bb Peut-on lire sur le site goal.com.<\/p>\n","protected":false},"excerpt":{"rendered":"<p>J\u00fcrgen Klopp a r\u00e9agi avec humour \u00e0 une remarque ironique d&rsquo;un journaliste concernant le Real Madrid, alors que le nom de l&rsquo;entra\u00eeneur allemand continue d&rsquo;appara\u00eetre sur le banc du Bernab\u00e9u. L&rsquo;ancien manager de Liverpool et du Borussia Dortmund figure parmi les candidats pressentis pour succ\u00e9der \u00e0 Xabi Alonso, limog\u00e9 apr\u00e8s moins de huit mois \u00e0 &hellip;<\/p>\n","protected":false},"author":3,"featured_media":137690,"comment_status":"closed","ping_status":"closed","sticky":false,"template":"","format":"standard","meta":{"footnotes":""},"categories":[128],"tags":[],"class_list":["post-137641","post","type-post","status-publish","format-standard","has-post-thumbnail","hentry","category-football-etranger"],"_links":{"self":[{"href":"http:\/\/planetesport.dz\/index.php?rest_route=\/wp\/v2\/posts\/137641","targetHints":{"allow":["GET"]}}],"collection":[{"href":"http:\/\/planetesport.dz\/index.php?rest_route=\/wp\/v2\/posts"}],"about":[{"href":"http:\/\/planetesport.dz\/index.php?rest_route=\/wp\/v2\/types\/post"}],"author":[{"embeddable":true,"href":"http:\/\/planetesport.dz\/index.php?rest_route=\/wp\/v2\/users\/3"}],"replies":[{"embeddable":true,"href":"http:\/\/planetesport.dz\/index.php?rest_route=%2Fwp%2Fv2%2Fcomments&post=137641"}],"version-history":[{"count":1,"href":"http:\/\/planetesport.dz\/index.php?rest_route=\/wp\/v2\/posts\/137641\/revisions"}],"predecessor-version":[{"id":137729,"href":"http:\/\/planetesport.dz\/index.php?rest_route=\/wp\/v2\/posts\/137641\/revisions\/137729"}],"wp:featuredmedia":[{"embeddable":true,"href":"http:\/\/planetesport.dz\/index.php?rest_route=\/wp\/v2\/media\/137690"}],"wp:attachment":[{"href":"http:\/\/planetesport.dz\/index.php?rest_route=%2Fwp%2Fv2%2Fmedia&parent=137641"}],"wp:term":[{"taxonomy":"category","embeddable":true,"href":"http:\/\/planetesport.dz\/index.php?rest_route=%2Fwp%2Fv2%2Fcategories&post=137641"},{"taxonomy":"post_tag","embeddable":true,"href":"http:\/\/planetesport.dz\/index.php?rest_route=%2Fwp%2Fv2%2Ftags&post=137641"}],"curies":[{"name":"wp","href":"https:\/\/api.w.org\/{rel}","templated":true}]}}