{"id":137189,"date":"2026-01-14T22:44:48","date_gmt":"2026-01-14T22:44:48","guid":{"rendered":"https:\/\/planetesport.dz\/?p=137189"},"modified":"2026-01-14T22:44:48","modified_gmt":"2026-01-14T22:44:48","slug":"tardozzi-marquez-sera-presque-a-100","status":"publish","type":"post","link":"http:\/\/planetesport.dz\/?p=137189","title":{"rendered":"Tardozzi : \u00ab M\u00e1rquez sera presque \u00e0 100% \u00bb"},"content":{"rendered":"<p>\u00c0 l\u2019approche des premiers essais officiels de la saison 2026 de MotoGP, Ducati affiche un optimisme mesur\u00e9 mais assum\u00e9. Victime d\u2019une blessure \u00e0 l\u2019\u00e9paule en fin de saison pass\u00e9e, Marc M\u00e1rquez a r\u00e9cemment retrouv\u00e9 la piste sur le circuit Aspar, pr\u00e8s de Valence, au guidon d\u2019une Ducati Panigale V2. Un retour rassurant pour le champion espagnol, contraint de manquer les tests de fin d\u2019ann\u00e9e. Pr\u00e9sent\u00e9 comme apte \u00e0 rouler d\u00e8s les essais de Sepang, programm\u00e9s du 3 au 5 f\u00e9vrier, M\u00e1rquez aborde cette reprise avec confiance. \u00ab S\u2019il n\u2019est pas \u00e0 100%, il en sera tr\u00e8s proche \u00bb, a assur\u00e9 Davide Tardozzi, \u00e9cartant toute inqui\u00e9tude concernant l\u2019\u00e9tat physique de son pilote. Le team manager Ducati s\u2019est \u00e9galement montr\u00e9 confiant au sujet de Francesco Bagnaia, d\u00e9termin\u00e9 \u00e0 rebondir apr\u00e8s une saison 2025 d\u00e9cevante. \u00ab Je suis convaincu que nous verrons un autre Pecco d\u00e8s les essais de Malaisie \u00bb, a-t-il affirm\u00e9, estimant que l\u2019Italien a su tirer les enseignements n\u00e9cessaires. Concernant les contrats, tous deux arrivant \u00e0 \u00e9ch\u00e9ance fin 2026, Ducati privil\u00e9gie la s\u00e9r\u00e9nit\u00e9. Les premi\u00e8res discussions devraient d\u00e9buter apr\u00e8s le traditionnel rendez-vous de Madonna di Campiglio.<\/p>\n<p style=\"text-align: right\"><strong>Djaffar KHODJA<\/strong><\/p>\n","protected":false},"excerpt":{"rendered":"<p>\u00c0 l\u2019approche des premiers essais officiels de la saison 2026 de MotoGP, Ducati affiche un optimisme mesur\u00e9 mais assum\u00e9. Victime d\u2019une blessure \u00e0 l\u2019\u00e9paule en fin de saison pass\u00e9e, Marc M\u00e1rquez a r\u00e9cemment retrouv\u00e9 la piste sur le circuit Aspar, pr\u00e8s de Valence, au guidon d\u2019une Ducati Panigale V2. Un retour rassurant pour le champion &hellip;<\/p>\n","protected":false},"author":3,"featured_media":137252,"comment_status":"closed","ping_status":"closed","sticky":false,"template":"","format":"standard","meta":{"footnotes":""},"categories":[157],"tags":[],"class_list":["post-137189","post","type-post","status-publish","format-standard","has-post-thumbnail","hentry","category-motosports"],"_links":{"self":[{"href":"http:\/\/planetesport.dz\/index.php?rest_route=\/wp\/v2\/posts\/137189","targetHints":{"allow":["GET"]}}],"collection":[{"href":"http:\/\/planetesport.dz\/index.php?rest_route=\/wp\/v2\/posts"}],"about":[{"href":"http:\/\/planetesport.dz\/index.php?rest_route=\/wp\/v2\/types\/post"}],"author":[{"embeddable":true,"href":"http:\/\/planetesport.dz\/index.php?rest_route=\/wp\/v2\/users\/3"}],"replies":[{"embeddable":true,"href":"http:\/\/planetesport.dz\/index.php?rest_route=%2Fwp%2Fv2%2Fcomments&post=137189"}],"version-history":[{"count":1,"href":"http:\/\/planetesport.dz\/index.php?rest_route=\/wp\/v2\/posts\/137189\/revisions"}],"predecessor-version":[{"id":137283,"href":"http:\/\/planetesport.dz\/index.php?rest_route=\/wp\/v2\/posts\/137189\/revisions\/137283"}],"wp:featuredmedia":[{"embeddable":true,"href":"http:\/\/planetesport.dz\/index.php?rest_route=\/wp\/v2\/media\/137252"}],"wp:attachment":[{"href":"http:\/\/planetesport.dz\/index.php?rest_route=%2Fwp%2Fv2%2Fmedia&parent=137189"}],"wp:term":[{"taxonomy":"category","embeddable":true,"href":"http:\/\/planetesport.dz\/index.php?rest_route=%2Fwp%2Fv2%2Fcategories&post=137189"},{"taxonomy":"post_tag","embeddable":true,"href":"http:\/\/planetesport.dz\/index.php?rest_route=%2Fwp%2Fv2%2Ftags&post=137189"}],"curies":[{"name":"wp","href":"https:\/\/api.w.org\/{rel}","templated":true}]}}