{"id":136618,"date":"2026-01-09T23:58:47","date_gmt":"2026-01-09T23:58:47","guid":{"rendered":"https:\/\/planetesport.dz\/?p=136618"},"modified":"2026-01-09T23:58:47","modified_gmt":"2026-01-09T23:58:47","slug":"mercato-himad-abdelli-priorite-de-lom-un-dossier-a-regler-rapidement","status":"publish","type":"post","link":"http:\/\/planetesport.dz\/?p=136618","title":{"rendered":"Mercato : Himad Abdelli, priorit\u00e9 de l\u2019OM, un dossier \u00e0 r\u00e9gler rapidement"},"content":{"rendered":"<p>L\u2019international alg\u00e9rien Himad Abdelli, figure parmi les cibles prioritaires de l\u2019Olympique de Marseille pour le mercato hivernal. Actuellement concentr\u00e9 sur la CAN-2025 avec la s\u00e9lection nationale, le joueur n\u2019a pas encore abord\u00e9 son avenir en club. Le SCO souhaite assurer la succession d\u2019Abdelli en cas de d\u00e9part et a fix\u00e9 une date limite au 20 janvier pour toute discussion autour d\u2019un transfert. Pass\u00e9 ce d\u00e9lai, aucune n\u00e9gociation ne sera engag\u00e9e. Avec la cl\u00f4ture du mercato le 2 f\u00e9vrier, l\u2019OM doit acc\u00e9l\u00e9rer pour finaliser l\u2019op\u00e9ration et recruter le joueur avant la date limite.<\/p>\n<p><strong>Dujeux souhaite conserver son joueur<\/strong><br \/>\nEn conf\u00e9rence de presse, Alexandre Dujeux, entra\u00eeneur d\u2019Angers, a exprim\u00e9 sa surprise et son inqui\u00e9tude : \u00ab\u202fHimad comptait finir la saison avant de prendre une d\u00e9cision en juin. Perdre un autre joueur important serait une tr\u00e8s mauvaise nouvelle pour nous. C\u2019est un \u00e9l\u00e9ment important, et je souhaite \u00e9videmment qu\u2019il reste\u00a0\u00bb.<br \/>\nLe dossier Abdelli illustre les d\u00e9fis du mercato en Ligue 1, o\u00f9 il faut concilier les ambitions des joueurs, les int\u00e9r\u00eats financiers des clubs et la continuit\u00e9 sportive.<\/p>\n<p style=\"text-align: right\">\n<strong>Djamel ABED<\/strong><\/p>\n","protected":false},"excerpt":{"rendered":"<p>L\u2019international alg\u00e9rien Himad Abdelli, figure parmi les cibles prioritaires de l\u2019Olympique de Marseille pour le mercato hivernal. Actuellement concentr\u00e9 sur la CAN-2025 avec la s\u00e9lection nationale, le joueur n\u2019a pas encore abord\u00e9 son avenir en club. Le SCO souhaite assurer la succession d\u2019Abdelli en cas de d\u00e9part et a fix\u00e9 une date limite au 20 &hellip;<\/p>\n","protected":false},"author":3,"featured_media":113095,"comment_status":"closed","ping_status":"closed","sticky":false,"template":"","format":"standard","meta":{"footnotes":""},"categories":[128],"tags":[],"class_list":["post-136618","post","type-post","status-publish","format-standard","has-post-thumbnail","hentry","category-football-etranger"],"_links":{"self":[{"href":"http:\/\/planetesport.dz\/index.php?rest_route=\/wp\/v2\/posts\/136618","targetHints":{"allow":["GET"]}}],"collection":[{"href":"http:\/\/planetesport.dz\/index.php?rest_route=\/wp\/v2\/posts"}],"about":[{"href":"http:\/\/planetesport.dz\/index.php?rest_route=\/wp\/v2\/types\/post"}],"author":[{"embeddable":true,"href":"http:\/\/planetesport.dz\/index.php?rest_route=\/wp\/v2\/users\/3"}],"replies":[{"embeddable":true,"href":"http:\/\/planetesport.dz\/index.php?rest_route=%2Fwp%2Fv2%2Fcomments&post=136618"}],"version-history":[{"count":1,"href":"http:\/\/planetesport.dz\/index.php?rest_route=\/wp\/v2\/posts\/136618\/revisions"}],"predecessor-version":[{"id":136705,"href":"http:\/\/planetesport.dz\/index.php?rest_route=\/wp\/v2\/posts\/136618\/revisions\/136705"}],"wp:featuredmedia":[{"embeddable":true,"href":"http:\/\/planetesport.dz\/index.php?rest_route=\/wp\/v2\/media\/113095"}],"wp:attachment":[{"href":"http:\/\/planetesport.dz\/index.php?rest_route=%2Fwp%2Fv2%2Fmedia&parent=136618"}],"wp:term":[{"taxonomy":"category","embeddable":true,"href":"http:\/\/planetesport.dz\/index.php?rest_route=%2Fwp%2Fv2%2Fcategories&post=136618"},{"taxonomy":"post_tag","embeddable":true,"href":"http:\/\/planetesport.dz\/index.php?rest_route=%2Fwp%2Fv2%2Ftags&post=136618"}],"curies":[{"name":"wp","href":"https:\/\/api.w.org\/{rel}","templated":true}]}}