{"id":135312,"date":"2025-12-28T23:33:56","date_gmt":"2025-12-28T23:33:56","guid":{"rendered":"https:\/\/planetesport.dz\/?p=135312"},"modified":"2025-12-28T23:33:56","modified_gmt":"2025-12-28T23:33:56","slug":"rendez-vous-du-30-decembre-2025-au-1er-janvier-2026","status":"publish","type":"post","link":"http:\/\/planetesport.dz\/?p=135312","title":{"rendered":"Rendez-vous du 30 d\u00e9cembre\u00a0 2025 au 1er janvier 2026"},"content":{"rendered":"<div>Apr\u00e8s les perturbations m\u00e9t\u00e9orologiques qui avaient retard\u00e9 le lancement de la comp\u00e9tition, la F\u00e9d\u00e9ration alg\u00e9rienne de voile a confirm\u00e9 hier que le Championnat national d\u2019hiver de voile aura finalement lieu du 30 d\u00e9cembre au 1er janvier 2026. Durant ces trois jours, les athl\u00e8tes rouvriront la comp\u00e9tition dans les s\u00e9ries Optimist et Bic Techno. L\u2019\u00e9v\u00e9nement se d\u00e9roulera au sein de l\u2019\u00e9cole nationale des sports nautiques et subaquatiques d\u2019Alger plage. Il convient de rappeler, par ailleurs, que la F\u00e9d\u00e9ration a tenu sa 8e r\u00e9union du Bureau f\u00e9d\u00e9ral vendredi dernier au si\u00e8ge de la F\u00e9d\u00e9ration \u00e0 Alger plage. La r\u00e9union a permis d\u2019examiner plusieurs points relatifs au fonctionnement administratif, technique et financier de la F\u00e9d\u00e9ration. Les th\u00e8mes inscrits \u00e0 l\u2019ordre du jour \u00e9taient : l\u2019examen du courrier entrant et sortant, les travaux des commissions et les activit\u00e9s de la Direction technique nationale, le bilan des comp\u00e9titions, stages et participations internationales, ainsi que la situation financi\u00e8re et divers autres sujets et dossiers. Quelques jours auparavant, une r\u00e9union de coordination entre la F\u00e9d\u00e9ration et les diff\u00e9rentes ligues de voile avait \u00e9t\u00e9 tenue \u00e0 l\u2019\u00e9cole nationale des sports nautiques et subaquatiques d\u2019Alger plage, durant laquelle plusieurs sujets ont \u00e9t\u00e9 d\u00e9battus.<\/div>\n<div><\/div>\n<div style=\"text-align: right\"><strong>N. E.<\/strong><\/div>\n","protected":false},"excerpt":{"rendered":"<p>Apr\u00e8s les perturbations m\u00e9t\u00e9orologiques qui avaient retard\u00e9 le lancement de la comp\u00e9tition, la F\u00e9d\u00e9ration alg\u00e9rienne de voile a confirm\u00e9 hier que le Championnat national d\u2019hiver de voile aura finalement lieu du 30 d\u00e9cembre au 1er janvier 2026. Durant ces trois jours, les athl\u00e8tes rouvriront la comp\u00e9tition dans les s\u00e9ries Optimist et Bic Techno. L\u2019\u00e9v\u00e9nement se &hellip;<\/p>\n","protected":false},"author":3,"featured_media":0,"comment_status":"closed","ping_status":"closed","sticky":false,"template":"","format":"standard","meta":{"footnotes":""},"categories":[129],"tags":[],"class_list":["post-135312","post","type-post","status-publish","format-standard","hentry","category-omnisport"],"_links":{"self":[{"href":"http:\/\/planetesport.dz\/index.php?rest_route=\/wp\/v2\/posts\/135312","targetHints":{"allow":["GET"]}}],"collection":[{"href":"http:\/\/planetesport.dz\/index.php?rest_route=\/wp\/v2\/posts"}],"about":[{"href":"http:\/\/planetesport.dz\/index.php?rest_route=\/wp\/v2\/types\/post"}],"author":[{"embeddable":true,"href":"http:\/\/planetesport.dz\/index.php?rest_route=\/wp\/v2\/users\/3"}],"replies":[{"embeddable":true,"href":"http:\/\/planetesport.dz\/index.php?rest_route=%2Fwp%2Fv2%2Fcomments&post=135312"}],"version-history":[{"count":1,"href":"http:\/\/planetesport.dz\/index.php?rest_route=\/wp\/v2\/posts\/135312\/revisions"}],"predecessor-version":[{"id":135402,"href":"http:\/\/planetesport.dz\/index.php?rest_route=\/wp\/v2\/posts\/135312\/revisions\/135402"}],"wp:attachment":[{"href":"http:\/\/planetesport.dz\/index.php?rest_route=%2Fwp%2Fv2%2Fmedia&parent=135312"}],"wp:term":[{"taxonomy":"category","embeddable":true,"href":"http:\/\/planetesport.dz\/index.php?rest_route=%2Fwp%2Fv2%2Fcategories&post=135312"},{"taxonomy":"post_tag","embeddable":true,"href":"http:\/\/planetesport.dz\/index.php?rest_route=%2Fwp%2Fv2%2Ftags&post=135312"}],"curies":[{"name":"wp","href":"https:\/\/api.w.org\/{rel}","templated":true}]}}