{"id":128392,"date":"2025-11-07T23:40:28","date_gmt":"2025-11-07T23:40:28","guid":{"rendered":"https:\/\/planetesport.dz\/?p=128392"},"modified":"2025-11-07T23:40:28","modified_gmt":"2025-11-07T23:40:28","slug":"petkovic-tranche-je-decide-point-final","status":"publish","type":"post","link":"http:\/\/planetesport.dz\/?p=128392","title":{"rendered":"Petkovi\u0107 tranche : \u00ab Je d\u00e9cide, point final \u00bb"},"content":{"rendered":"<p><strong>Vladimir Petkovi\u0107 n\u2019a pas m\u00e2ch\u00e9 ses mots. Le s\u00e9lectionneur de l\u2019\u00c9quipe nationale a profit\u00e9 de l\u2019annonce de sa nouvelle liste, ce jeudi, pour remettre les pendules \u00e0 l\u2019heure et r\u00e9pondre aux critiques qui le disaient trop frileux dans ses choix.<\/strong><\/p>\n<p>L\u2019entra\u00eeneur des Verts s\u2019est montr\u00e9 direct, presque offensif. Avant m\u00eame la premi\u00e8re question, il a tenu \u00e0 faire une mise au point claire, qu\u2019il est le seul \u00e0 d\u00e9cider. \u00ab Je suis le s\u00e9lectionneur, et c\u2019est moi qui fais les choix d\u00e9finitifs \u00bb, a-t-il martel\u00e9 d\u2019un ton ferme.<\/p>\n<p><strong>\u00ab J\u2019ai une vision claire pour l\u2019avenir \u00bb<br \/>\n<\/strong>Agac\u00e9 par les commentaires insinuant qu\u2019il subissait des pressions ou qu\u2019il tardait \u00e0 faire confiance aux jeunes, Petkovi\u0107 a tenu \u00e0 recadrer le d\u00e9bat : \u00ab J\u2019ai une id\u00e9e pr\u00e9cise de ce que je veux pour cette \u00e9quipe. Les convocations et les absences s\u2019inscrivent dans une logique de continuit\u00e9 et de pr\u00e9paration de l\u2019avenir \u00bb, a-t-il expliqu\u00e9, \u00e9voquant notamment le cas de Youcef Bela\u00efli, \u00e9cart\u00e9 \u00ab temporairement \u00bb. Pour donner du poids \u00e0 ses paroles, Petkovi\u0107 a innov\u00e9 dans sa liste. Huit changements par rapport au dernier regroupement, dont les arriv\u00e9es de Yacine Titraoui (Charleroi) et Elias Benkara (Borussia Dortmund).<br \/>\n\u00ab Il est important de permettre aux jeunes de d\u00e9couvrir le groupe, de s\u2019impr\u00e9gner du niveau international \u00bb, a-t-il justifi\u00e9. Concernant Titraoui, il a reconnu que la concurrence \u00e9tait forte, mais qu\u2019il \u00ab m\u00e9rite d\u2019\u00eatre observ\u00e9 de pr\u00e8s \u00bb.<\/p>\n<p><strong>Un groupe \u00e9largi et une concurrence assum\u00e9e<\/strong><br \/>\nLe retour d\u2019Isma\u00ebl Bennacer renforce encore davantage le milieu de terrain. Petkovi\u0107 veut une concurrence saine \u00e0 l\u2019approche de la CAN : \u00ab Je veux que les joueurs me compliquent la t\u00e2che. Qu\u2019ils me forcent \u00e0 faire des choix difficiles. C\u2019est \u00e7a, un groupe comp\u00e9titif. \u00bb Le technicien bosnien a aussi rappel\u00e9 que \u00ab la porte de la s\u00e9lection reste ouverte \u00bb \u00e0 tous les \u00e9l\u00e9ments performants. Cette sortie m\u00e9diatique marque un tournant dans le discours de Vladimir Petkovi\u0107. Moins r\u00e9serv\u00e9, plus affirm\u00e9, le s\u00e9lectionneur des Verts a tenu \u00e0 rappeler qu\u2019il n\u2019est ni influenc\u00e9, ni brid\u00e9. \u00c0 quelques semaines de la CAN, son message est limpide, l\u2019Alg\u00e9rie avance avec une ligne de conduite claire, et un seul capitaine \u00e0 bord.<\/p>\n<p style=\"text-align: right\"><strong>Djamel ABED<\/strong><\/p>\n","protected":false},"excerpt":{"rendered":"<p>Vladimir Petkovi\u0107 n\u2019a pas m\u00e2ch\u00e9 ses mots. Le s\u00e9lectionneur de l\u2019\u00c9quipe nationale a profit\u00e9 de l\u2019annonce de sa nouvelle liste, ce jeudi, pour remettre les pendules \u00e0 l\u2019heure et r\u00e9pondre aux critiques qui le disaient trop frileux dans ses choix. L\u2019entra\u00eeneur des Verts s\u2019est montr\u00e9 direct, presque offensif. Avant m\u00eame la premi\u00e8re question, il a &hellip;<\/p>\n","protected":false},"author":3,"featured_media":128440,"comment_status":"closed","ping_status":"closed","sticky":false,"template":"","format":"standard","meta":{"footnotes":""},"categories":[169,127],"tags":[],"class_list":["post-128392","post","type-post","status-publish","format-standard","has-post-thumbnail","hentry","category-equipe-nationale-football","category-football-algerien"],"_links":{"self":[{"href":"http:\/\/planetesport.dz\/index.php?rest_route=\/wp\/v2\/posts\/128392","targetHints":{"allow":["GET"]}}],"collection":[{"href":"http:\/\/planetesport.dz\/index.php?rest_route=\/wp\/v2\/posts"}],"about":[{"href":"http:\/\/planetesport.dz\/index.php?rest_route=\/wp\/v2\/types\/post"}],"author":[{"embeddable":true,"href":"http:\/\/planetesport.dz\/index.php?rest_route=\/wp\/v2\/users\/3"}],"replies":[{"embeddable":true,"href":"http:\/\/planetesport.dz\/index.php?rest_route=%2Fwp%2Fv2%2Fcomments&post=128392"}],"version-history":[{"count":1,"href":"http:\/\/planetesport.dz\/index.php?rest_route=\/wp\/v2\/posts\/128392\/revisions"}],"predecessor-version":[{"id":128512,"href":"http:\/\/planetesport.dz\/index.php?rest_route=\/wp\/v2\/posts\/128392\/revisions\/128512"}],"wp:featuredmedia":[{"embeddable":true,"href":"http:\/\/planetesport.dz\/index.php?rest_route=\/wp\/v2\/media\/128440"}],"wp:attachment":[{"href":"http:\/\/planetesport.dz\/index.php?rest_route=%2Fwp%2Fv2%2Fmedia&parent=128392"}],"wp:term":[{"taxonomy":"category","embeddable":true,"href":"http:\/\/planetesport.dz\/index.php?rest_route=%2Fwp%2Fv2%2Fcategories&post=128392"},{"taxonomy":"post_tag","embeddable":true,"href":"http:\/\/planetesport.dz\/index.php?rest_route=%2Fwp%2Fv2%2Ftags&post=128392"}],"curies":[{"name":"wp","href":"https:\/\/api.w.org\/{rel}","templated":true}]}}