{"id":127039,"date":"2025-10-26T23:25:19","date_gmt":"2025-10-26T23:25:19","guid":{"rendered":"https:\/\/planetesport.dz\/?p=127039"},"modified":"2025-10-26T23:25:19","modified_gmt":"2025-10-26T23:25:19","slug":"grosse-bagarre-generale-apres-le-match","status":"publish","type":"post","link":"http:\/\/planetesport.dz\/?p=127039","title":{"rendered":"Grosse bagarre g\u00e9n\u00e9rale apr\u00e8s le match"},"content":{"rendered":"<p>Un Cl\u00e1sico sous haute tension. Au terme d\u2019un match anim\u00e9, le Real Madrid s\u2019est impos\u00e9 face au FC Barcelone et s\u2019est adjug\u00e9 le premier Cl\u00e1sico de la saison sur sa pelouse apr\u00e8s quatre d\u00e9faites dans ce m\u00eame rendez-vous la saison derni\u00e8re. Une victoire m\u00e9rit\u00e9e et qui porte les sceaux de Kylian Mbapp\u00e9 et Jude Bellingham, locomotives des Merengues en ce dimanche. En fin de rencontre, les esprits se sont \u00e9chauff\u00e9s au Santiago-Bernabeu.<\/p>\n<p><span style=\"font-size: large\">Les hostilit\u00e9s ont d\u00e9but\u00e9 apr\u00e8s le carton rouge de Pedri apr\u00e8s un exc\u00e8s d\u2019engagement sur Aur\u00e9lien Tchouam\u00e9ni. Plusieurs joueurs des deux bancs se sont invectiv\u00e9s parmi lesquels Eder Militao, Jude Bellingham, Vin\u00edcius face au banc catalan. Au coup de sifflet final, le deuxi\u00e8me round a mis aux prises Antonio R\u00fcdiger et Raphinha, qui ne sont m\u00eame pas sur la feuille de match. En somme, une fin de match chaude mais qui s\u2019est rapidement apais\u00e9e avec la c\u00e9l\u00e9bration des joueurs du Real face \u00e0 leur public. Peut-on lire sur le site footmercato.net. <\/span><\/p>\n","protected":false},"excerpt":{"rendered":"<p>Un Cl\u00e1sico sous haute tension. Au terme d\u2019un match anim\u00e9, le Real Madrid s\u2019est impos\u00e9 face au FC Barcelone et s\u2019est adjug\u00e9 le premier Cl\u00e1sico de la saison sur sa pelouse apr\u00e8s quatre d\u00e9faites dans ce m\u00eame rendez-vous la saison derni\u00e8re. Une victoire m\u00e9rit\u00e9e et qui porte les sceaux de Kylian Mbapp\u00e9 et Jude Bellingham, &hellip;<\/p>\n","protected":false},"author":3,"featured_media":127100,"comment_status":"closed","ping_status":"closed","sticky":false,"template":"","format":"standard","meta":{"footnotes":""},"categories":[128],"tags":[],"class_list":["post-127039","post","type-post","status-publish","format-standard","has-post-thumbnail","hentry","category-football-etranger"],"_links":{"self":[{"href":"http:\/\/planetesport.dz\/index.php?rest_route=\/wp\/v2\/posts\/127039","targetHints":{"allow":["GET"]}}],"collection":[{"href":"http:\/\/planetesport.dz\/index.php?rest_route=\/wp\/v2\/posts"}],"about":[{"href":"http:\/\/planetesport.dz\/index.php?rest_route=\/wp\/v2\/types\/post"}],"author":[{"embeddable":true,"href":"http:\/\/planetesport.dz\/index.php?rest_route=\/wp\/v2\/users\/3"}],"replies":[{"embeddable":true,"href":"http:\/\/planetesport.dz\/index.php?rest_route=%2Fwp%2Fv2%2Fcomments&post=127039"}],"version-history":[{"count":1,"href":"http:\/\/planetesport.dz\/index.php?rest_route=\/wp\/v2\/posts\/127039\/revisions"}],"predecessor-version":[{"id":127136,"href":"http:\/\/planetesport.dz\/index.php?rest_route=\/wp\/v2\/posts\/127039\/revisions\/127136"}],"wp:featuredmedia":[{"embeddable":true,"href":"http:\/\/planetesport.dz\/index.php?rest_route=\/wp\/v2\/media\/127100"}],"wp:attachment":[{"href":"http:\/\/planetesport.dz\/index.php?rest_route=%2Fwp%2Fv2%2Fmedia&parent=127039"}],"wp:term":[{"taxonomy":"category","embeddable":true,"href":"http:\/\/planetesport.dz\/index.php?rest_route=%2Fwp%2Fv2%2Fcategories&post=127039"},{"taxonomy":"post_tag","embeddable":true,"href":"http:\/\/planetesport.dz\/index.php?rest_route=%2Fwp%2Fv2%2Ftags&post=127039"}],"curies":[{"name":"wp","href":"https:\/\/api.w.org\/{rel}","templated":true}]}}