{"id":12191,"date":"2023-03-04T23:38:00","date_gmt":"2023-03-04T23:38:00","guid":{"rendered":"https:\/\/planetesport.dz\/web\/?p=12191"},"modified":"2023-03-04T23:38:00","modified_gmt":"2023-03-04T23:38:00","slug":"qualifications-can-2023-niger-algerie-a-tunis","status":"publish","type":"post","link":"http:\/\/planetesport.dz\/?p=12191","title":{"rendered":"Qualifications CAN-2023 Niger-Alg\u00e9rie \u00e0 Tunis\u00a0?"},"content":{"rendered":"<p><em><strong>Alors que le match Alg\u00e9rie-Niger se jouera le 23 mars au stade Nelson-Mandela de Baraki (22h00), la seconde manche n\u2019a toujours pas \u00e9t\u00e9 programm\u00e9e. Les deux rencontres entrent dans le cadre des 3e\u00a0et 4e\u00a0journ\u00e9es (Gr.F) des qualifications de la Coupe d\u2019Afrique des nations CAN-2023 (report\u00e9e \u00e0 2024), dont la phase finale aura lieu en C\u00f4te d&rsquo;Ivoire.\u00a0<\/strong><\/em><\/p>\n<p>Non homologu\u00e9 par la Conf\u00e9d\u00e9ration africaine (CAF), le stade du G\u00e9n\u00e9ral Seyni-Kountch\u00e9 de Niamey n&rsquo;abrite plus les matchs internationaux du \u00ab\u00a0Mena\u00a0\u00bb national, du moins lors de ces qualifications. Les responsables du football nig\u00e9rien qui se sont rabattus dans un premier temps sur le stade de Cotonou (B\u00e9nin), ont fini par se r\u00e9tracter. Un autre pays est cit\u00e9 pour abriter cette rencontre, pr\u00e9vue le 27 mars.<br \/>\nSelon le site Foot Afrique, \u00ab\u00a0des sources proches de la CAF pr\u00e9cisent que ce match devrait avoir lieu \u00e0 Tunis \u00e0 la m\u00eame date. La F\u00e9d\u00e9ration nig\u00e9rienne de football aurait engag\u00e9 un dossier dans ce sens et l\u2019on s\u2019attend \u00e0 une officialisation dans les tous prochains jours. Si cela s\u2019av\u00e8re vrai, ce choix devrait arranger les deux s\u00e9lections qui \u00e9viteront des conditions climatiques plut\u00f4t d\u00e9favorables durant le mois de Ramadan ainsi qu\u2019un plus long voyage\u00a0\u00bb.<br \/>\nVainqueur en juin 2022 des deux premiers matchs : \u00e0 domicile face \u00e0 l\u2019Ouganda (2-0) et en d\u00e9placement devant la Tanzanie (2-0), l\u2019Alg\u00e9rie occupe le poste de leader du groupe F avec 6 points, devant le Niger (2 points), alors que la Tanzanie et l\u2019Ouganda suivent derri\u00e8re avec un point chacun.<br \/>\nInitialement pr\u00e9vues en septembre 2022, les 3e et 4e journ\u00e9es des qualifications de la prochaine CAN avaient \u00e9t\u00e9 report\u00e9es \u00e0 mars 2023, pour permettre aux s\u00e9lections africaines, qualifi\u00e9es pour le Mondial 2022 disput\u00e9 au Qatar, de bien se pr\u00e9parer. Les deux derni\u00e8res journ\u00e9es sont fix\u00e9es respectivement \u00e0 juin et septembre prochains.<\/p>\n<p><strong>Le capitaine nig\u00e9rien \u00ab\u00a0Bal\u00e9\u00a0\u00bb d\u00e9clare forfait<\/strong><br \/>\nPar ailleurs, la F\u00e9d\u00e9ration nig\u00e9rienne de football (F\u00e9nifoot) a annonc\u00e9 dans un communiqu\u00e9, le forfait du capitaine de la s\u00e9lection le milieu de terrain Youssouf Oumarou Alio dit \u00ab Bal\u00e9 \u00bb, bless\u00e9. \u00a0\u00ab\u00a0Le joueur l\u2019US Monastirienne (Div.1\/ Tunisie) a contract\u00e9 une blessure aux ischio- jambiers lors du match de la Coupe de la Conf\u00e9d\u00e9ration, remport\u00e9 \u00e0 Lubumbashi par l\u2019US Monastir face au TP Mazemb\u00e9 (2-0). Une blessure qui va obliger Bal\u00e9 \u00e0 rester \u00e9loigner des terrains entre quatre \u00e0 six semaines\u00a0\u00bb, pr\u00e9cise la F\u00e9d\u00e9ration. \u00ab\u00a0Un coup dur pour le Mena et son s\u00e9lectionneur Jean- Michel Cavalli, qui se trouvait d\u00e9j\u00e0 dans un v\u00e9ritable imbroglio, par rapport \u00e0 son effectif qui pourrait, entre temps, \u00eatre priv\u00e9 de certains joueurs s\u00e9lectionnables avec les U23 qui, dans la m\u00eame p\u00e9riode disputeront une double confrontation cruciale contre le Soudan pour l\u2019un des billets qualificatifs \u00e0 la CAN U23\u00a0\u00bb, ajoute la Fenifoot.<br \/>\nEnfin, la F\u00e9d\u00e9ration nig\u00e9rienne a soulign\u00e9 que \u00ab\u00a0la liste du coach Jean-Michel Cavalli sera officialis\u00e9e dans les prochains jours\u00a0\u00bb. Pour rappel, les deux \u00e9quipes se sont d\u00e9j\u00e0 affront\u00e9es lors des \u00e9liminatoires de la Coupe du monde 2022 au Qatar.<br \/>\nLors de la premi\u00e8re manche disput\u00e9e au stade Mustapha-Tchaker de Blida, les \u00ab\u00a0Verts\u00a0\u00bb l\u2019avaient emport\u00e9 (6-1), avant de r\u00e9cidiver quatre jours plus tard \u00e0 Niamey (4-0).<br \/>\nMohamed. M<\/p>\n","protected":false},"excerpt":{"rendered":"<p>Alors que le match Alg\u00e9rie-Niger se jouera le 23 mars au stade Nelson-Mandela de Baraki (22h00), la seconde manche n\u2019a toujours pas \u00e9t\u00e9 programm\u00e9e. Les deux rencontres entrent dans le cadre des 3e\u00a0et 4e\u00a0journ\u00e9es (Gr.F) des qualifications de la Coupe d\u2019Afrique des nations CAN-2023 (report\u00e9e \u00e0 2024), dont la phase finale aura lieu en C\u00f4te &hellip;<\/p>\n","protected":false},"author":3,"featured_media":12204,"comment_status":"open","ping_status":"open","sticky":false,"template":"","format":"standard","meta":{"footnotes":""},"categories":[127],"tags":[],"class_list":["post-12191","post","type-post","status-publish","format-standard","has-post-thumbnail","hentry","category-football-algerien"],"_links":{"self":[{"href":"http:\/\/planetesport.dz\/index.php?rest_route=\/wp\/v2\/posts\/12191","targetHints":{"allow":["GET"]}}],"collection":[{"href":"http:\/\/planetesport.dz\/index.php?rest_route=\/wp\/v2\/posts"}],"about":[{"href":"http:\/\/planetesport.dz\/index.php?rest_route=\/wp\/v2\/types\/post"}],"author":[{"embeddable":true,"href":"http:\/\/planetesport.dz\/index.php?rest_route=\/wp\/v2\/users\/3"}],"replies":[{"embeddable":true,"href":"http:\/\/planetesport.dz\/index.php?rest_route=%2Fwp%2Fv2%2Fcomments&post=12191"}],"version-history":[{"count":1,"href":"http:\/\/planetesport.dz\/index.php?rest_route=\/wp\/v2\/posts\/12191\/revisions"}],"predecessor-version":[{"id":12205,"href":"http:\/\/planetesport.dz\/index.php?rest_route=\/wp\/v2\/posts\/12191\/revisions\/12205"}],"wp:featuredmedia":[{"embeddable":true,"href":"http:\/\/planetesport.dz\/index.php?rest_route=\/wp\/v2\/media\/12204"}],"wp:attachment":[{"href":"http:\/\/planetesport.dz\/index.php?rest_route=%2Fwp%2Fv2%2Fmedia&parent=12191"}],"wp:term":[{"taxonomy":"category","embeddable":true,"href":"http:\/\/planetesport.dz\/index.php?rest_route=%2Fwp%2Fv2%2Fcategories&post=12191"},{"taxonomy":"post_tag","embeddable":true,"href":"http:\/\/planetesport.dz\/index.php?rest_route=%2Fwp%2Fv2%2Ftags&post=12191"}],"curies":[{"name":"wp","href":"https:\/\/api.w.org\/{rel}","templated":true}]}}