{"id":12190,"date":"2023-03-04T23:37:11","date_gmt":"2023-03-04T23:37:11","guid":{"rendered":"https:\/\/planetesport.dz\/web\/?p=12190"},"modified":"2023-03-04T23:37:11","modified_gmt":"2023-03-04T23:37:11","slug":"lille-osc-ounas-degoute-de-rater-le-derby-du-nord","status":"publish","type":"post","link":"http:\/\/planetesport.dz\/?p=12190","title":{"rendered":"\u00a0Lille OSC\u00a0 &#8211; Ounas \u00ab\u00a0d\u00e9go\u00fbt\u00e9\u00a0\u00bb de rater le derby du Nord"},"content":{"rendered":"<p>L&rsquo;ailier droit international alg\u00e9rien de Lille OSC, Adam\u00a0Ounas, indisponible depuis le 15 janvier dernier en raison d\u2019une blessure \u00e0 la cuisse droite, s\u2019impatiente \u00e0 retrouver la comp\u00e9tition, en exprimant son \u00ab\u00a0d\u00e9go\u00fbt\u00a0\u00bb de rater le derby du Nord face au RC Lens disput\u00e9 hier samedi, dans le cadre de la 26e\u00a0journ\u00e9e de la Ligue 1 fran\u00e7aise.<br \/>\n\u00ab\u00a0D\u00e9go\u00fbt\u00e9 de ne pas pouvoir disputer ce derby. On se voit bient\u00f4t sur le terrain. Allez Lille\u00a0\u00bb, a \u00e9crit le joueur dans un post publi\u00e9 vendredi soir sur son compte officiel Instagram.<br \/>\nOunas\u00a0(26 ans) s\u2019\u00e9tait bless\u00e9 lors la victoire d\u00e9croch\u00e9e \u00e0 domicile face \u00e0 Troyes (5-1), dans le cadre de la 19e journ\u00e9e de la Ligue 1 fran\u00e7aise de football.<br \/>\nInterrog\u00e9 sur Ounas vendredi lors de la conf\u00e9rence de presse d\u2019avant-match, l\u2019entra\u00eeneur portugais du LOSC, Paulo Fonseca a estim\u00e9 que le joueur n\u2019\u00e9tait\u00a0\u00ab\u00a0pas encore pr\u00eat.\u00a0\u00bb<br \/>\n\u00ab\u00a0Il n\u2019est pas pr\u00eat. Il a commenc\u00e9 aujourd\u2019hui avec nous, mais il n\u2019est pas pr\u00eat pour le match. Je pense qu\u2019il sera pr\u00eat pour le prochain match\u00a0(Lille jouera contre Lyon, le vendredi 10 mars)\u00a0\u00bb.<br \/>\nUne fois op\u00e9rationnel, le joueur alg\u00e9rien devra faire face \u00e0 une rude concurrence, au vu de la mont\u00e9e en puissance de son concurrent dans le poste, l\u2019international Kosovar Edon Zhegrova, qui totalise d\u00e9j\u00e0 2 buts et 3 passes d\u00e9cisives lors des huit derniers matchs, toutes comp\u00e9titions confondues.<br \/>\nApr\u00e8s des saisons difficiles avec Naples (Serie A italienne), Ounas avait rejoint Lille durant l\u2019intersaison pour un contrat de deux saisons (2024). Une ann\u00e9e suppl\u00e9mentaire a \u00e9t\u00e9 incluse en option dans le contrat.<br \/>\nOunas\u00a0qui compte 16 apparitions cette saison, toutes comp\u00e9titions confondues, a marqu\u00e9 un but et d\u00e9livr\u00e9 deux passes d\u00e9cisives.<br \/>\nChampion d&rsquo;Afrique avec l&rsquo;Alg\u00e9rie en 2019,\u00a0Ounas\u00a0n&rsquo;a pas \u00e9t\u00e9 lib\u00e9r\u00e9 par son club, pour les deux derniers matchs amicaux disput\u00e9s par l&rsquo;\u00e9quipe nationale respectivement les 16 et 19 novembre 2022 au stade Miloud-Hadefi d&rsquo;Oran et \u00e0 Malm\u00f6 face au Mali (1-1) et \u00e0 la Su\u00e8de (0-2).<br \/>\nIl ne devrait pas figurer sur la prochaine liste du coach national Djamel Belmadi, en vue de la double confrontation face au Niger, les 23 et 27 mars, comptant pour les 3e\u00a0et 4e\u00a0journ\u00e9es (Gr.F) des qualifications de la CAN-2023 (report\u00e9e \u00e0 2024) en C\u00f4te d\u2019Ivoire.<\/p>\n<p style=\"text-align: right\">\n<strong>Mohamed. M<\/strong><\/p>\n","protected":false},"excerpt":{"rendered":"<p>L&rsquo;ailier droit international alg\u00e9rien de Lille OSC, Adam\u00a0Ounas, indisponible depuis le 15 janvier dernier en raison d\u2019une blessure \u00e0 la cuisse droite, s\u2019impatiente \u00e0 retrouver la comp\u00e9tition, en exprimant son \u00ab\u00a0d\u00e9go\u00fbt\u00a0\u00bb de rater le derby du Nord face au RC Lens disput\u00e9 hier samedi, dans le cadre de la 26e\u00a0journ\u00e9e de la Ligue 1 fran\u00e7aise. &hellip;<\/p>\n","protected":false},"author":3,"featured_media":12200,"comment_status":"open","ping_status":"open","sticky":false,"template":"","format":"standard","meta":{"footnotes":""},"categories":[128],"tags":[],"class_list":["post-12190","post","type-post","status-publish","format-standard","has-post-thumbnail","hentry","category-football-etranger"],"_links":{"self":[{"href":"http:\/\/planetesport.dz\/index.php?rest_route=\/wp\/v2\/posts\/12190","targetHints":{"allow":["GET"]}}],"collection":[{"href":"http:\/\/planetesport.dz\/index.php?rest_route=\/wp\/v2\/posts"}],"about":[{"href":"http:\/\/planetesport.dz\/index.php?rest_route=\/wp\/v2\/types\/post"}],"author":[{"embeddable":true,"href":"http:\/\/planetesport.dz\/index.php?rest_route=\/wp\/v2\/users\/3"}],"replies":[{"embeddable":true,"href":"http:\/\/planetesport.dz\/index.php?rest_route=%2Fwp%2Fv2%2Fcomments&post=12190"}],"version-history":[{"count":1,"href":"http:\/\/planetesport.dz\/index.php?rest_route=\/wp\/v2\/posts\/12190\/revisions"}],"predecessor-version":[{"id":12203,"href":"http:\/\/planetesport.dz\/index.php?rest_route=\/wp\/v2\/posts\/12190\/revisions\/12203"}],"wp:featuredmedia":[{"embeddable":true,"href":"http:\/\/planetesport.dz\/index.php?rest_route=\/wp\/v2\/media\/12200"}],"wp:attachment":[{"href":"http:\/\/planetesport.dz\/index.php?rest_route=%2Fwp%2Fv2%2Fmedia&parent=12190"}],"wp:term":[{"taxonomy":"category","embeddable":true,"href":"http:\/\/planetesport.dz\/index.php?rest_route=%2Fwp%2Fv2%2Fcategories&post=12190"},{"taxonomy":"post_tag","embeddable":true,"href":"http:\/\/planetesport.dz\/index.php?rest_route=%2Fwp%2Fv2%2Ftags&post=12190"}],"curies":[{"name":"wp","href":"https:\/\/api.w.org\/{rel}","templated":true}]}}