{"id":12189,"date":"2023-03-04T23:36:38","date_gmt":"2023-03-04T23:36:38","guid":{"rendered":"https:\/\/planetesport.dz\/web\/?p=12189"},"modified":"2023-03-04T23:36:38","modified_gmt":"2023-03-04T23:36:38","slug":"ac-ajaccio-belaili-joueur-du-mois-de-fevrier","status":"publish","type":"post","link":"http:\/\/planetesport.dz\/?p=12189","title":{"rendered":"AC Ajaccio &#8211; Bela\u00efli joueur du mois de f\u00e9vrier"},"content":{"rendered":"<p>L\u2019ailier international alg\u00e9rien de l\u2019AC Ajaccio, Youcef Bela\u00efli, est \u00e0 nouveau r\u00e9compens\u00e9 pour ses prestations, en se voyant \u00e9lire meilleur joueur de son \u00e9quipe du mois de f\u00e9vrier, a annonc\u00e9 le club pensionnaire de la Ligue 1 fran\u00e7aise de football vendredi soir.<br \/>\n\u00ab\u00a0Youcef Bela\u00efli l\u2019homme du mois. Pour la seconde fois de la saison Youc est votre homme du mois. Le Crack alg\u00e9rien\u00a0\u00bb, a indiqu\u00e9 l\u2019ACA sur sa page officielle Facebook.<br \/>\nAbsent lors des deux derniers matchs du club corse en raison d&rsquo;une blessure aux adducteurs, Bela\u00efli a sign\u00e9 un retour tonitruant, en marquant son sixi\u00e8me but de la saison, lors de la victoire d\u00e9croch\u00e9e dimanche dernier \u00e0 domicile face \u00e0 Troyes (2-1), dans le cadre de la 25e journ\u00e9e du championnat. Titularis\u00e9 par l&rsquo;entra\u00eeneur Olivier Pantaloni, le joueur alg\u00e9rien a \u00e9galis\u00e9 en seconde p\u00e9riode, sur un penalty accord\u00e9 par l&rsquo;assistance vid\u00e9o \u00e0 l&rsquo;arbitrage (VAR) et transform\u00e9 \u00e0 la 62e minute.\u00a0 Bela\u00efli\u00a0(30 ans) compte \u00e9galement cinq passes d\u00e9cisives \u00e0 son compteur. Il avait rejoint Ajaccio en octobre dernier\u00a0pour un contrat jusqu&rsquo;\u00e0 la fin de saison, en tant que joker, en provenance du Stade brestois. Les Ajacciens se d\u00e9placent ce dimanche apr\u00e8s-midi au nord-est de la France pour affronter le Stade de Reims (15h00), pour le compte de la 26e\u00a0de Ligue 1. Au terme de la 25e\u00a0journ\u00e9e, l\u2019AC Ajaccio occupe la 17e\u00a0place de premier rel\u00e9gable avec 21 points, \u00e0 une longueur de retard sur l\u2019AJ Auxerre (16e).<\/p>\n<p style=\"text-align: right\">\n<strong>Mohamed. M<\/strong><\/p>\n<p>&nbsp;<\/p>\n","protected":false},"excerpt":{"rendered":"<p>L\u2019ailier international alg\u00e9rien de l\u2019AC Ajaccio, Youcef Bela\u00efli, est \u00e0 nouveau r\u00e9compens\u00e9 pour ses prestations, en se voyant \u00e9lire meilleur joueur de son \u00e9quipe du mois de f\u00e9vrier, a annonc\u00e9 le club pensionnaire de la Ligue 1 fran\u00e7aise de football vendredi soir. \u00ab\u00a0Youcef Bela\u00efli l\u2019homme du mois. Pour la seconde fois de la saison Youc &hellip;<\/p>\n","protected":false},"author":3,"featured_media":12201,"comment_status":"open","ping_status":"open","sticky":false,"template":"","format":"standard","meta":{"footnotes":""},"categories":[128],"tags":[],"class_list":["post-12189","post","type-post","status-publish","format-standard","has-post-thumbnail","hentry","category-football-etranger"],"_links":{"self":[{"href":"http:\/\/planetesport.dz\/index.php?rest_route=\/wp\/v2\/posts\/12189","targetHints":{"allow":["GET"]}}],"collection":[{"href":"http:\/\/planetesport.dz\/index.php?rest_route=\/wp\/v2\/posts"}],"about":[{"href":"http:\/\/planetesport.dz\/index.php?rest_route=\/wp\/v2\/types\/post"}],"author":[{"embeddable":true,"href":"http:\/\/planetesport.dz\/index.php?rest_route=\/wp\/v2\/users\/3"}],"replies":[{"embeddable":true,"href":"http:\/\/planetesport.dz\/index.php?rest_route=%2Fwp%2Fv2%2Fcomments&post=12189"}],"version-history":[{"count":1,"href":"http:\/\/planetesport.dz\/index.php?rest_route=\/wp\/v2\/posts\/12189\/revisions"}],"predecessor-version":[{"id":12202,"href":"http:\/\/planetesport.dz\/index.php?rest_route=\/wp\/v2\/posts\/12189\/revisions\/12202"}],"wp:featuredmedia":[{"embeddable":true,"href":"http:\/\/planetesport.dz\/index.php?rest_route=\/wp\/v2\/media\/12201"}],"wp:attachment":[{"href":"http:\/\/planetesport.dz\/index.php?rest_route=%2Fwp%2Fv2%2Fmedia&parent=12189"}],"wp:term":[{"taxonomy":"category","embeddable":true,"href":"http:\/\/planetesport.dz\/index.php?rest_route=%2Fwp%2Fv2%2Fcategories&post=12189"},{"taxonomy":"post_tag","embeddable":true,"href":"http:\/\/planetesport.dz\/index.php?rest_route=%2Fwp%2Fv2%2Ftags&post=12189"}],"curies":[{"name":"wp","href":"https:\/\/api.w.org\/{rel}","templated":true}]}}