{"id":121323,"date":"2025-09-13T06:37:51","date_gmt":"2025-09-13T06:37:51","guid":{"rendered":"https:\/\/planetesport.dz\/?p=121323"},"modified":"2025-09-13T06:37:51","modified_gmt":"2025-09-13T06:37:51","slug":"lamine-yamal-revient-sur-lagression-au-couteau-subie-par-son-pere","status":"publish","type":"post","link":"http:\/\/planetesport.dz\/?p=121323","title":{"rendered":"Lamine Yamal revient sur l\u2019agression au couteau subie par son p\u00e8re"},"content":{"rendered":"<p>La star du FC Barcelone, Lamine Yamal, a \u00e9voqu\u00e9 pour la premi\u00e8re fois l\u2019agression au couteau de son p\u00e8re, survenue avant le d\u00e9but de sa premi\u00e8re saison en Liga. Le jeune homme de 18 ans a \u00e9galement \u00e9voqu\u00e9 ses difficult\u00e9s avec sa m\u00e8re, qui souhaitait qu\u2019il poursuive ses \u00e9tudes. Lors d\u2019une interview approfondie avec Jos\u00e9 Ramon de la Morena sur Renonancia de Corazon, Lamine Yamal a abord\u00e9 plusieurs sujets, de son enfance \u00e0 son ascension au rang de star mondiale. L\u2019une des p\u00e9riodes les plus difficiles a suivi l\u2019agression au couteau de son p\u00e8re, quelques jours avant le d\u00e9but de sa premi\u00e8re saison en tant que joueur titulaire \u00e0 Barcelone. De la Morena a interrog\u00e9 Lamine Yamal sur cet incident. Nombreux sont ceux qui se sont demand\u00e9s comment Lamine Yamal avait pu afficher un tel sang-froid quelques jours plus tard \u00e0 Mestalla, contribuant \u00e0 la victoire 2-1 du FC Barcelone gr\u00e2ce \u00e0 un but. J\u2019\u00e9tais en voiture avec mon cousin Moha.<\/p>\n<p>J\u2019avais CarPlay activ\u00e9, qui connecte le t\u00e9l\u00e9phone aux enceintes, et ma cousine, qui \u00e9tait au Maroc, m\u2019a appel\u00e9e. Elle m\u2019a demand\u00e9 : Tu es seul ? Elle a commenc\u00e9 \u00e0 m\u2019en parler, et d\u2019autres appels sont arriv\u00e9s. \u00c0 ce moment-l\u00e0, j\u2019avais 16 ans \u00bb. Rapporte le site goal.com. \u00ab La premi\u00e8re chose que j\u2019ai faite a \u00e9t\u00e9 de sortir de la voiture et d\u2019essayer d\u2019aller \u00e0 la gare de Matar\u00f3. Imaginez, enfant, apprendre que votre p\u00e8re a \u00e9t\u00e9 poignard\u00e9. J\u2019ai essay\u00e9 de monter dans le train, mais mon cousin ne m\u2019a pas laiss\u00e9 faire. Je lui ai dit de m\u2019emmener \u00e0 Matar\u00f3, sinon je ne lui parlerais plus jamais, mais ils ne m\u2019ont pas laiss\u00e9 faire. Ils m\u2019ont enferm\u00e9 \u00e0 la maison et j\u2019ai essay\u00e9 de sortir. C\u2019\u00e9tait une p\u00e9riode difficile, et j\u2019avais un entra\u00eenement le lendemain. Puis mon p\u00e8re m\u2019a appel\u00e9 pour me dire qu\u2019il allait bien et que je devais rester calme. Je suis all\u00e9 le voir \u00e0 l\u2019h\u00f4pital le lendemain, et tout s\u2019est calm\u00e9 \u00bb.<\/p>\n","protected":false},"excerpt":{"rendered":"<p>La star du FC Barcelone, Lamine Yamal, a \u00e9voqu\u00e9 pour la premi\u00e8re fois l\u2019agression au couteau de son p\u00e8re, survenue avant le d\u00e9but de sa premi\u00e8re saison en Liga. Le jeune homme de 18 ans a \u00e9galement \u00e9voqu\u00e9 ses difficult\u00e9s avec sa m\u00e8re, qui souhaitait qu\u2019il poursuive ses \u00e9tudes. Lors d\u2019une interview approfondie avec Jos\u00e9 &hellip;<\/p>\n","protected":false},"author":3,"featured_media":121386,"comment_status":"closed","ping_status":"closed","sticky":false,"template":"","format":"standard","meta":{"footnotes":""},"categories":[128],"tags":[],"class_list":["post-121323","post","type-post","status-publish","format-standard","has-post-thumbnail","hentry","category-football-etranger"],"_links":{"self":[{"href":"http:\/\/planetesport.dz\/index.php?rest_route=\/wp\/v2\/posts\/121323","targetHints":{"allow":["GET"]}}],"collection":[{"href":"http:\/\/planetesport.dz\/index.php?rest_route=\/wp\/v2\/posts"}],"about":[{"href":"http:\/\/planetesport.dz\/index.php?rest_route=\/wp\/v2\/types\/post"}],"author":[{"embeddable":true,"href":"http:\/\/planetesport.dz\/index.php?rest_route=\/wp\/v2\/users\/3"}],"replies":[{"embeddable":true,"href":"http:\/\/planetesport.dz\/index.php?rest_route=%2Fwp%2Fv2%2Fcomments&post=121323"}],"version-history":[{"count":1,"href":"http:\/\/planetesport.dz\/index.php?rest_route=\/wp\/v2\/posts\/121323\/revisions"}],"predecessor-version":[{"id":121430,"href":"http:\/\/planetesport.dz\/index.php?rest_route=\/wp\/v2\/posts\/121323\/revisions\/121430"}],"wp:featuredmedia":[{"embeddable":true,"href":"http:\/\/planetesport.dz\/index.php?rest_route=\/wp\/v2\/media\/121386"}],"wp:attachment":[{"href":"http:\/\/planetesport.dz\/index.php?rest_route=%2Fwp%2Fv2%2Fmedia&parent=121323"}],"wp:term":[{"taxonomy":"category","embeddable":true,"href":"http:\/\/planetesport.dz\/index.php?rest_route=%2Fwp%2Fv2%2Fcategories&post=121323"},{"taxonomy":"post_tag","embeddable":true,"href":"http:\/\/planetesport.dz\/index.php?rest_route=%2Fwp%2Fv2%2Ftags&post=121323"}],"curies":[{"name":"wp","href":"https:\/\/api.w.org\/{rel}","templated":true}]}}