{"id":121320,"date":"2025-09-13T06:37:41","date_gmt":"2025-09-13T06:37:41","guid":{"rendered":"https:\/\/planetesport.dz\/?p=121320"},"modified":"2025-09-13T06:37:41","modified_gmt":"2025-09-13T06:37:41","slug":"mandi-et-bentaleb-en-difficulte-au-losc","status":"publish","type":"post","link":"http:\/\/planetesport.dz\/?p=121320","title":{"rendered":"Mandi et Bentaleb en difficult\u00e9 au LOSC"},"content":{"rendered":"<p>Le d\u00e9but de saison s\u2019annonce compliqu\u00e9 pour deux internationaux alg\u00e9riens du LOSC. A\u00efssa Mandi et Nabil Bentaleb peinent \u00e0 s\u2019imposer dans les plans de leur entra\u00eeneur Bruno Genesio, qui ne les a pas int\u00e9gr\u00e9s dans son onze type en ce d\u00e9but d\u2019exercice. Le tecnicien fran\u00e7ais a d\u00e9j\u00e0 \u00e9tabli les grandes lignes de son \u00e9quipe pour la saison, sans compter sur le d\u00e9fenseur central ni sur le milieu alg\u00e9rien. Mandi n\u2019a pas encore trouv\u00e9 ses rep\u00e8res. Bless\u00e9 lors de la premi\u00e8re journ\u00e9e face \u00e0 Brest, il a ensuite \u00e9t\u00e9 \u00e9cart\u00e9 pour un choix tactique contre Monaco, avant de n\u2019entrer qu\u2019en fin de match face \u00e0 Lorient (5 minutes de jeu). Un temps de jeu insuffisant qui interroge sur sa situation, d\u2019autant plus que son absence du onze lillois pourrait fragiliser sa place en s\u00e9lection \u00e0 l\u2019approche du rassemblement d\u2019octobre et des prochaines \u00e9ch\u00e9ances des Verts, entre \u00e9liminatoires du Mondial-2026 et CAN-2025. De son c\u00f4t\u00e9, Nabil Bentaleb conna\u00eet une situation similaire. Le milieu de terrain n\u2019a disput\u00e9 que 22 minutes lors des trois premi\u00e8res rencontres, un temps de jeu r\u00e9duit qui confirme sa mise \u00e0 l\u2019\u00e9cart dans la hi\u00e9rarchie.<\/p>\n<p style=\"text-align: right\"><strong>Djamel ABED<\/strong><\/p>\n","protected":false},"excerpt":{"rendered":"<p>Le d\u00e9but de saison s\u2019annonce compliqu\u00e9 pour deux internationaux alg\u00e9riens du LOSC. A\u00efssa Mandi et Nabil Bentaleb peinent \u00e0 s\u2019imposer dans les plans de leur entra\u00eeneur Bruno Genesio, qui ne les a pas int\u00e9gr\u00e9s dans son onze type en ce d\u00e9but d\u2019exercice. Le tecnicien fran\u00e7ais a d\u00e9j\u00e0 \u00e9tabli les grandes lignes de son \u00e9quipe pour &hellip;<\/p>\n","protected":false},"author":3,"featured_media":121383,"comment_status":"closed","ping_status":"closed","sticky":false,"template":"","format":"standard","meta":{"footnotes":""},"categories":[128],"tags":[],"class_list":["post-121320","post","type-post","status-publish","format-standard","has-post-thumbnail","hentry","category-football-etranger"],"_links":{"self":[{"href":"http:\/\/planetesport.dz\/index.php?rest_route=\/wp\/v2\/posts\/121320","targetHints":{"allow":["GET"]}}],"collection":[{"href":"http:\/\/planetesport.dz\/index.php?rest_route=\/wp\/v2\/posts"}],"about":[{"href":"http:\/\/planetesport.dz\/index.php?rest_route=\/wp\/v2\/types\/post"}],"author":[{"embeddable":true,"href":"http:\/\/planetesport.dz\/index.php?rest_route=\/wp\/v2\/users\/3"}],"replies":[{"embeddable":true,"href":"http:\/\/planetesport.dz\/index.php?rest_route=%2Fwp%2Fv2%2Fcomments&post=121320"}],"version-history":[{"count":1,"href":"http:\/\/planetesport.dz\/index.php?rest_route=\/wp\/v2\/posts\/121320\/revisions"}],"predecessor-version":[{"id":121428,"href":"http:\/\/planetesport.dz\/index.php?rest_route=\/wp\/v2\/posts\/121320\/revisions\/121428"}],"wp:featuredmedia":[{"embeddable":true,"href":"http:\/\/planetesport.dz\/index.php?rest_route=\/wp\/v2\/media\/121383"}],"wp:attachment":[{"href":"http:\/\/planetesport.dz\/index.php?rest_route=%2Fwp%2Fv2%2Fmedia&parent=121320"}],"wp:term":[{"taxonomy":"category","embeddable":true,"href":"http:\/\/planetesport.dz\/index.php?rest_route=%2Fwp%2Fv2%2Fcategories&post=121320"},{"taxonomy":"post_tag","embeddable":true,"href":"http:\/\/planetesport.dz\/index.php?rest_route=%2Fwp%2Fv2%2Ftags&post=121320"}],"curies":[{"name":"wp","href":"https:\/\/api.w.org\/{rel}","templated":true}]}}