{"id":113362,"date":"2025-07-12T23:37:33","date_gmt":"2025-07-12T23:37:33","guid":{"rendered":"https:\/\/planetesport.dz\/?p=113362"},"modified":"2025-07-12T23:37:33","modified_gmt":"2025-07-12T23:37:33","slug":"touche-a-la-cuisse-debut-de-saison-compromis-pour-amoura","status":"publish","type":"post","link":"http:\/\/planetesport.dz\/?p=113362","title":{"rendered":"Touch\u00e9 \u00e0 la cuisse, d\u00e9but de saison compromis pour Amoura ?"},"content":{"rendered":"<p><strong>Le d\u00e9but de saison du buteur alg\u00e9rien Mohamed Amoura conna\u00eet un s\u00e9rieux contretemps. Selon plusieurs m\u00e9dias allemands, l\u2019attaquant souffre d\u2019une blessure musculaire complexe \u00e0 la cuisse, qui l\u2019a emp\u00each\u00e9 de participer \u00e0 la reprise de l&rsquo;entra\u00eenement avec le VfL Wolfsburg.<\/strong><\/p>\n<p>Cette rechute physique pourrait compromettre sa pr\u00e9paration estivale et remettre en question sa pleine disponibilit\u00e9 pour le d\u00e9but de la saison 2025-2026, comme cela avait d\u00e9j\u00e0 \u00e9t\u00e9 le cas lors de la pr\u00e9c\u00e9dente campagne.<\/p>\n<p><strong>Une premi\u00e8re saison r\u00e9ussie\u2026 mais marqu\u00e9e par les p\u00e9pins physiques<br \/>\n<\/strong>Pourtant, la saison \u00e9coul\u00e9e avait \u00e9t\u00e9 exceptionnelle pour l\u2019ancien joueur de l\u2019ES S\u00e9tif. Pour sa premi\u00e8re exp\u00e9rience dans un des cinq grands championnats europ\u00e9ens, Amoura a disput\u00e9 34 matchs toutes comp\u00e9titions confondues, inscrivant 10 buts et d\u00e9livrant 12 passes d\u00e9cisives sous le maillot des Loups. Des performances qui ont suscit\u00e9 l\u2019int\u00e9r\u00eat de plusieurs cadors allemands, \u00e0 l\u2019image du Bayer Leverkusen, pr\u00eat \u00e0 faire une offre concr\u00e8te. Mais les dirigeants de Wolfsburg ont refus\u00e9 de n\u00e9gocier en dessous des 40 millions d\u2019euros, une exigence jug\u00e9e excessive par les pr\u00e9tendants.<\/p>\n<p><strong>Une blessure persistante<br \/>\n<\/strong>D\u2019apr\u00e8s les informations relay\u00e9es par le m\u00e9dia allemand Ligainsider, Mohamed Amoura ne s\u2019est toujours pas entra\u00een\u00e9 avec le groupe professionnel depuis la reprise. Il souffrirait d\u2019une l\u00e9sion musculaire au niveau de la cuisse, sans que l\u2019on sache s\u2019il s\u2019agit de la m\u00eame blessure contract\u00e9e lors du rassemblement des Verts en juin dernier, qui l\u2019avait d\u00e9j\u00e0 priv\u00e9 de deux matchs internationaux. La c\u00e9l\u00e8bre publication sportive Kicker a confirm\u00e9 l\u2019information, pr\u00e9cisant que l\u2019absence du joueur se prolonge, et que la dur\u00e9e de son indisponibilit\u00e9 demeure inconnue \u00e0 ce stade \u2013 un facteur pr\u00e9occupant pour le club comme pour le s\u00e9lectionneur Vladimir Petkovi\u0107, \u00e0 l&rsquo;approche de la CAN-2025. Cette blessure tombe au plus mauvais moment, alors que l\u2019Alg\u00e9rien souhaitait entamer sa saison tambour battant, ses ambitions de transfert s\u2019\u00e9loignent, et son statut en s\u00e9lection nationale pourrait \u00eatre affect\u00e9 s\u2019il ne retrouve pas rapidement la pleine possession de ses moyens physiques.<\/p>\n<p style=\"text-align: right\"><strong>Djamel ABED<\/strong><\/p>\n","protected":false},"excerpt":{"rendered":"<p>Le d\u00e9but de saison du buteur alg\u00e9rien Mohamed Amoura conna\u00eet un s\u00e9rieux contretemps. Selon plusieurs m\u00e9dias allemands, l\u2019attaquant souffre d\u2019une blessure musculaire complexe \u00e0 la cuisse, qui l\u2019a emp\u00each\u00e9 de participer \u00e0 la reprise de l&rsquo;entra\u00eenement avec le VfL Wolfsburg. Cette rechute physique pourrait compromettre sa pr\u00e9paration estivale et remettre en question sa pleine disponibilit\u00e9 &hellip;<\/p>\n","protected":false},"author":3,"featured_media":113390,"comment_status":"closed","ping_status":"closed","sticky":false,"template":"","format":"standard","meta":{"footnotes":""},"categories":[128],"tags":[],"class_list":["post-113362","post","type-post","status-publish","format-standard","has-post-thumbnail","hentry","category-football-etranger"],"_links":{"self":[{"href":"http:\/\/planetesport.dz\/index.php?rest_route=\/wp\/v2\/posts\/113362","targetHints":{"allow":["GET"]}}],"collection":[{"href":"http:\/\/planetesport.dz\/index.php?rest_route=\/wp\/v2\/posts"}],"about":[{"href":"http:\/\/planetesport.dz\/index.php?rest_route=\/wp\/v2\/types\/post"}],"author":[{"embeddable":true,"href":"http:\/\/planetesport.dz\/index.php?rest_route=\/wp\/v2\/users\/3"}],"replies":[{"embeddable":true,"href":"http:\/\/planetesport.dz\/index.php?rest_route=%2Fwp%2Fv2%2Fcomments&post=113362"}],"version-history":[{"count":1,"href":"http:\/\/planetesport.dz\/index.php?rest_route=\/wp\/v2\/posts\/113362\/revisions"}],"predecessor-version":[{"id":113445,"href":"http:\/\/planetesport.dz\/index.php?rest_route=\/wp\/v2\/posts\/113362\/revisions\/113445"}],"wp:featuredmedia":[{"embeddable":true,"href":"http:\/\/planetesport.dz\/index.php?rest_route=\/wp\/v2\/media\/113390"}],"wp:attachment":[{"href":"http:\/\/planetesport.dz\/index.php?rest_route=%2Fwp%2Fv2%2Fmedia&parent=113362"}],"wp:term":[{"taxonomy":"category","embeddable":true,"href":"http:\/\/planetesport.dz\/index.php?rest_route=%2Fwp%2Fv2%2Fcategories&post=113362"},{"taxonomy":"post_tag","embeddable":true,"href":"http:\/\/planetesport.dz\/index.php?rest_route=%2Fwp%2Fv2%2Ftags&post=113362"}],"curies":[{"name":"wp","href":"https:\/\/api.w.org\/{rel}","templated":true}]}}