{"id":107572,"date":"2025-05-31T02:11:21","date_gmt":"2025-05-31T02:11:21","guid":{"rendered":"https:\/\/planetesport.dz\/?p=107572"},"modified":"2025-05-31T02:11:21","modified_gmt":"2025-05-31T02:11:21","slug":"tah-officiellement-bavarois","status":"publish","type":"post","link":"http:\/\/planetesport.dz\/?p=107572","title":{"rendered":"Tah officiellement Bavarois !"},"content":{"rendered":"<p>Comme attendu, le d\u00e9fenseur central Jonathan Tah (29 ans, 33 matchs et 3 buts en Bundesliga cette saison), libre au terme de son contrat en juin prochain, quitte le Bayer Leverkusen pour le Bayern Munich, rapporte le site lequipe.fr. Jeudi, le champion d&rsquo;Allemagne a officialis\u00e9 la signature de l&rsquo;international allemand jusqu&rsquo;en juin 2029. Pour rappel, le Bayern a pay\u00e9 1 million d&rsquo;euros \u00e0 Leverkusen afin de lib\u00e9rer Tah avant la fin de son bail pour lui permettre de disputer la Coupe du monde des clubs.<\/p>\n","protected":false},"excerpt":{"rendered":"<p>Comme attendu, le d\u00e9fenseur central Jonathan Tah (29 ans, 33 matchs et 3 buts en Bundesliga cette saison), libre au terme de son contrat en juin prochain, quitte le Bayer Leverkusen pour le Bayern Munich, rapporte le site lequipe.fr. Jeudi, le champion d&rsquo;Allemagne a officialis\u00e9 la signature de l&rsquo;international allemand jusqu&rsquo;en juin 2029. Pour rappel, &hellip;<\/p>\n","protected":false},"author":3,"featured_media":107610,"comment_status":"closed","ping_status":"closed","sticky":false,"template":"","format":"standard","meta":{"footnotes":""},"categories":[128],"tags":[],"class_list":["post-107572","post","type-post","status-publish","format-standard","has-post-thumbnail","hentry","category-football-etranger"],"_links":{"self":[{"href":"http:\/\/planetesport.dz\/index.php?rest_route=\/wp\/v2\/posts\/107572","targetHints":{"allow":["GET"]}}],"collection":[{"href":"http:\/\/planetesport.dz\/index.php?rest_route=\/wp\/v2\/posts"}],"about":[{"href":"http:\/\/planetesport.dz\/index.php?rest_route=\/wp\/v2\/types\/post"}],"author":[{"embeddable":true,"href":"http:\/\/planetesport.dz\/index.php?rest_route=\/wp\/v2\/users\/3"}],"replies":[{"embeddable":true,"href":"http:\/\/planetesport.dz\/index.php?rest_route=%2Fwp%2Fv2%2Fcomments&post=107572"}],"version-history":[{"count":1,"href":"http:\/\/planetesport.dz\/index.php?rest_route=\/wp\/v2\/posts\/107572\/revisions"}],"predecessor-version":[{"id":107674,"href":"http:\/\/planetesport.dz\/index.php?rest_route=\/wp\/v2\/posts\/107572\/revisions\/107674"}],"wp:featuredmedia":[{"embeddable":true,"href":"http:\/\/planetesport.dz\/index.php?rest_route=\/wp\/v2\/media\/107610"}],"wp:attachment":[{"href":"http:\/\/planetesport.dz\/index.php?rest_route=%2Fwp%2Fv2%2Fmedia&parent=107572"}],"wp:term":[{"taxonomy":"category","embeddable":true,"href":"http:\/\/planetesport.dz\/index.php?rest_route=%2Fwp%2Fv2%2Fcategories&post=107572"},{"taxonomy":"post_tag","embeddable":true,"href":"http:\/\/planetesport.dz\/index.php?rest_route=%2Fwp%2Fv2%2Ftags&post=107572"}],"curies":[{"name":"wp","href":"https:\/\/api.w.org\/{rel}","templated":true}]}}