{"id":107569,"date":"2025-05-31T02:11:13","date_gmt":"2025-05-31T02:11:13","guid":{"rendered":"https:\/\/planetesport.dz\/?p=107569"},"modified":"2025-05-31T02:11:13","modified_gmt":"2025-05-31T02:11:13","slug":"ismael-bennacer-va-rester-lom-leve-loption-dachat","status":"publish","type":"post","link":"http:\/\/planetesport.dz\/?p=107569","title":{"rendered":"Isma\u00ebl Bennacer va rester, l\u2019OM l\u00e8ve l\u2019option d\u2019achat"},"content":{"rendered":"<p><strong>Recrut\u00e9 lors du mercato hivernal, Isma\u00ebl Bennacer va poursuivre l\u2019aventure avec l\u2019Olympique de Marseille. Malgr\u00e9 des d\u00e9buts contrast\u00e9s, la direction du club a d\u00e9cid\u00e9 de lever l\u2019option d\u2019achat du milieu de terrain alg\u00e9rien.<\/strong><\/p>\n<p>Arriv\u00e9 \u00e0 Marseille apr\u00e8s une longue p\u00e9riode d\u2019indisponibilit\u00e9 li\u00e9e \u00e0 une blessure, l\u2019ancien joueur du Milan AC n\u2019a pas imm\u00e9diatement r\u00e9pondu aux attentes. En manque de rythme, il a eu du mal \u00e0 encha\u00eener les performances. Pourtant, son profil de milieu r\u00e9cup\u00e9rateur et d\u2019organisateur de jeu a rapidement convaincu les dirigeants olympiens. Selon des informations, l\u2019OM n\u2019a jamais r\u00e9ellement dout\u00e9 de l\u2019utilit\u00e9 de Bennacer \u00e0 moyen et long terme. Le joueur dispose d\u2019un potentiel encore inexploit\u00e9, que le club esp\u00e8re pleinement r\u00e9v\u00e9ler d\u00e8s la saison prochaine, notamment gr\u00e2ce \u00e0 une pr\u00e9paration estivale compl\u00e8te.<\/p>\n<p><strong>Un homme de base pour De Zerbi en Ligue des champions<\/strong><\/p>\n<p>Alors que Marseille pr\u00e9pare son grand retour en Ligue des champions, Roberto De Zerbi mise sur des joueurs capables d\u2019apporter rigueur, ma\u00eetrise et exp\u00e9rience. En ce sens, Isma\u00ebl Bennacer coche toutes les cases. International alg\u00e9rien confirm\u00e9, il poss\u00e8de un v\u00e9cu europ\u00e9en pr\u00e9cieux, acquis notamment lors de son passage au Milan AC. Le club phoc\u00e9en voit en lui un futur cadre de l\u2019\u00e9quipe, capable d\u2019assumer des responsabilit\u00e9s au sein de l\u2019entrejeu marseillais. Avec cette d\u00e9cision, l\u2019OM souhaite s\u2019appuyer sur des joueurs exp\u00e9riment\u00e9s et \u00e0 fort potentiel pour briller sur la sc\u00e8ne nationale et europ\u00e9enne. Le maintien de Bennacer dans l\u2019effectif s\u2019inscrit dans cette volont\u00e9 de construire un effectif solide, \u00e9quilibr\u00e9 et comp\u00e9titif.<\/p>\n<p style=\"text-align: right\"><strong>Djamel ABED<\/strong><\/p>\n","protected":false},"excerpt":{"rendered":"<p>Recrut\u00e9 lors du mercato hivernal, Isma\u00ebl Bennacer va poursuivre l\u2019aventure avec l\u2019Olympique de Marseille. Malgr\u00e9 des d\u00e9buts contrast\u00e9s, la direction du club a d\u00e9cid\u00e9 de lever l\u2019option d\u2019achat du milieu de terrain alg\u00e9rien. Arriv\u00e9 \u00e0 Marseille apr\u00e8s une longue p\u00e9riode d\u2019indisponibilit\u00e9 li\u00e9e \u00e0 une blessure, l\u2019ancien joueur du Milan AC n\u2019a pas imm\u00e9diatement r\u00e9pondu aux &hellip;<\/p>\n","protected":false},"author":3,"featured_media":107608,"comment_status":"closed","ping_status":"closed","sticky":false,"template":"","format":"standard","meta":{"footnotes":""},"categories":[128],"tags":[],"class_list":["post-107569","post","type-post","status-publish","format-standard","has-post-thumbnail","hentry","category-football-etranger"],"_links":{"self":[{"href":"http:\/\/planetesport.dz\/index.php?rest_route=\/wp\/v2\/posts\/107569","targetHints":{"allow":["GET"]}}],"collection":[{"href":"http:\/\/planetesport.dz\/index.php?rest_route=\/wp\/v2\/posts"}],"about":[{"href":"http:\/\/planetesport.dz\/index.php?rest_route=\/wp\/v2\/types\/post"}],"author":[{"embeddable":true,"href":"http:\/\/planetesport.dz\/index.php?rest_route=\/wp\/v2\/users\/3"}],"replies":[{"embeddable":true,"href":"http:\/\/planetesport.dz\/index.php?rest_route=%2Fwp%2Fv2%2Fcomments&post=107569"}],"version-history":[{"count":1,"href":"http:\/\/planetesport.dz\/index.php?rest_route=\/wp\/v2\/posts\/107569\/revisions"}],"predecessor-version":[{"id":107671,"href":"http:\/\/planetesport.dz\/index.php?rest_route=\/wp\/v2\/posts\/107569\/revisions\/107671"}],"wp:featuredmedia":[{"embeddable":true,"href":"http:\/\/planetesport.dz\/index.php?rest_route=\/wp\/v2\/media\/107608"}],"wp:attachment":[{"href":"http:\/\/planetesport.dz\/index.php?rest_route=%2Fwp%2Fv2%2Fmedia&parent=107569"}],"wp:term":[{"taxonomy":"category","embeddable":true,"href":"http:\/\/planetesport.dz\/index.php?rest_route=%2Fwp%2Fv2%2Fcategories&post=107569"},{"taxonomy":"post_tag","embeddable":true,"href":"http:\/\/planetesport.dz\/index.php?rest_route=%2Fwp%2Fv2%2Ftags&post=107569"}],"curies":[{"name":"wp","href":"https:\/\/api.w.org\/{rel}","templated":true}]}}