{"id":107568,"date":"2025-05-31T02:11:10","date_gmt":"2025-05-31T02:11:10","guid":{"rendered":"https:\/\/planetesport.dz\/?p=107568"},"modified":"2025-05-31T02:11:10","modified_gmt":"2025-05-31T02:11:10","slug":"wolfsburg-ferme-la-porte-a-un-depart-de-mohamed-amoura","status":"publish","type":"post","link":"http:\/\/planetesport.dz\/?p=107568","title":{"rendered":"Wolfsburg ferme la porte \u00e0 un d\u00e9part de Mohamed Amoura"},"content":{"rendered":"<p>Selon les r\u00e9v\u00e9lations du m\u00e9dia allemand Bild, l\u2019international alg\u00e9rien Mohamed Amoura ne quittera pas Wolfsburg durant le mercato estival, malgr\u00e9 l\u2019int\u00e9r\u00eat de plusieurs clubs europ\u00e9ens. La direction du club allemand aurait r\u00e9cemment rejet\u00e9 une offre estim\u00e9e \u00e0 20 millions d\u2019euros pour son attaquant, preuve de l\u2019importance qu\u2019elle accorde \u00e0 l\u2019ancien joueur de l\u2019ES S\u00e9tif. Plusieurs propositions ont \u00e9t\u00e9 formul\u00e9es, mais aucune n\u2019a convaincu les dirigeants de c\u00e9der leur buteur.<\/p>\n<p><strong>Convoit\u00e9 mais intransf\u00e9rable<\/strong><\/p>\n<p>Toujours selon Bild, Wolfsburg consid\u00e8re Amoura comme un \u00e9l\u00e9ment fondamental de son projet sportif pour la saison 2025-2026. Le staff technique mise sur sa vitesse, son explosivit\u00e9 et sa capacit\u00e9 \u00e0 faire la diff\u00e9rence pour jouer un r\u00f4le majeur dans le championnat allemand. Malgr\u00e9 les convoitises de plusieurs clubs europ\u00e9ens, l\u2019attaquant des Verts devrait donc poursuivre l\u2019aventure en Bundesliga. Une stabilit\u00e9 qui pourrait \u00e9galement profiter \u00e0 la s\u00e9lection alg\u00e9rienne, dans la perspective des prochaines \u00e9ch\u00e9ances internationales.<\/p>\n<p style=\"text-align: right\">\n<strong>Djamel ABED<\/strong><\/p>\n","protected":false},"excerpt":{"rendered":"<p>Selon les r\u00e9v\u00e9lations du m\u00e9dia allemand Bild, l\u2019international alg\u00e9rien Mohamed Amoura ne quittera pas Wolfsburg durant le mercato estival, malgr\u00e9 l\u2019int\u00e9r\u00eat de plusieurs clubs europ\u00e9ens. La direction du club allemand aurait r\u00e9cemment rejet\u00e9 une offre estim\u00e9e \u00e0 20 millions d\u2019euros pour son attaquant, preuve de l\u2019importance qu\u2019elle accorde \u00e0 l\u2019ancien joueur de l\u2019ES S\u00e9tif. Plusieurs &hellip;<\/p>\n","protected":false},"author":3,"featured_media":107607,"comment_status":"closed","ping_status":"closed","sticky":false,"template":"","format":"standard","meta":{"footnotes":""},"categories":[128],"tags":[],"class_list":["post-107568","post","type-post","status-publish","format-standard","has-post-thumbnail","hentry","category-football-etranger"],"_links":{"self":[{"href":"http:\/\/planetesport.dz\/index.php?rest_route=\/wp\/v2\/posts\/107568","targetHints":{"allow":["GET"]}}],"collection":[{"href":"http:\/\/planetesport.dz\/index.php?rest_route=\/wp\/v2\/posts"}],"about":[{"href":"http:\/\/planetesport.dz\/index.php?rest_route=\/wp\/v2\/types\/post"}],"author":[{"embeddable":true,"href":"http:\/\/planetesport.dz\/index.php?rest_route=\/wp\/v2\/users\/3"}],"replies":[{"embeddable":true,"href":"http:\/\/planetesport.dz\/index.php?rest_route=%2Fwp%2Fv2%2Fcomments&post=107568"}],"version-history":[{"count":1,"href":"http:\/\/planetesport.dz\/index.php?rest_route=\/wp\/v2\/posts\/107568\/revisions"}],"predecessor-version":[{"id":107670,"href":"http:\/\/planetesport.dz\/index.php?rest_route=\/wp\/v2\/posts\/107568\/revisions\/107670"}],"wp:featuredmedia":[{"embeddable":true,"href":"http:\/\/planetesport.dz\/index.php?rest_route=\/wp\/v2\/media\/107607"}],"wp:attachment":[{"href":"http:\/\/planetesport.dz\/index.php?rest_route=%2Fwp%2Fv2%2Fmedia&parent=107568"}],"wp:term":[{"taxonomy":"category","embeddable":true,"href":"http:\/\/planetesport.dz\/index.php?rest_route=%2Fwp%2Fv2%2Fcategories&post=107568"},{"taxonomy":"post_tag","embeddable":true,"href":"http:\/\/planetesport.dz\/index.php?rest_route=%2Fwp%2Fv2%2Ftags&post=107568"}],"curies":[{"name":"wp","href":"https:\/\/api.w.org\/{rel}","templated":true}]}}