{"id":107171,"date":"2025-05-28T06:40:55","date_gmt":"2025-05-28T06:40:55","guid":{"rendered":"https:\/\/planetesport.dz\/?p=107171"},"modified":"2025-05-28T06:40:55","modified_gmt":"2025-05-28T06:40:55","slug":"sarr-devient-une-piece-incontournable-au-milieu-de-terrain","status":"publish","type":"post","link":"http:\/\/planetesport.dz\/?p=107171","title":{"rendered":"Sarr devient une pi\u00e8ce incontournable\u00a0au milieu de terrain"},"content":{"rendered":"<div>Sarr, milieu de terrain de la JSK, confirme match apr\u00e8s match que le club ne s\u2019est pas tromp\u00e9 en le recrutant durant le mercato estival de l\u2019ann\u00e9e derni\u00e8re. V\u00e9ritable moteur du milieu de terrain, son importance a \u00e9t\u00e9 particuli\u00e8rement ressentie lors du match opposant la JSK \u00e0 la JSS, o\u00f9 son absence a pes\u00e9 lourd dans l\u2019\u00e9quilibre de l\u2019\u00e9quipe. En revanche, il s\u2019est brillamment illustr\u00e9 lors de la rencontre face au NC Magra, disput\u00e9e dimanche dernier, o\u00f9 il a jou\u00e9 un r\u00f4le d\u00e9terminant dans la victoire de ses co\u00e9quipiers.<\/div>\n<div>Tr\u00e8s actif tout au long du match, Sarr a r\u00e9cup\u00e9r\u00e9 de nombreux ballons au c\u0153ur du jeu, montrant ainsi son sens du placement et son abn\u00e9gation. En plus de ses qualit\u00e9s d\u00e9fensives, il a largement particip\u00e9 \u00e0 la construction offensive, encha\u00eenant relances pr\u00e9cises et passes millim\u00e9tr\u00e9es qui ont su d\u00e9stabiliser la d\u00e9fense adverse. Sa capacit\u00e9 \u00e0 distribuer le jeu avec justesse fait de lui un \u00e9l\u00e9ment cl\u00e9 dans l\u2019animation de l\u2019\u00e9quipe. Le coach Zinnbauer ne cache pas sa satisfaction quant au retour en forme impressionnant de son milieu de terrain, qu\u2019il consid\u00e8re comme l\u2019une des cartes ma\u00eetresses de la JSK pour cette fin de saison.<\/div>\n<div><\/div>\n<div><strong>Il se fixe l\u2019objectif de jouer en Europe<\/strong><\/div>\n<div>Dans l\u2019ensemble, Sarr a r\u00e9alis\u00e9 une saison tr\u00e8s satisfaisante avec la JSK. Bien que confront\u00e9 \u00e0 certaines difficult\u00e9s en d\u00e9but de phase retour, o\u00f9 il a \u00e9t\u00e9 rel\u00e9gu\u00e9 sur le banc, il a su faire preuve de caract\u00e8re et de d\u00e9termination pour retrouver rapidement sa place de titulaire. Son retour en force lors des derni\u00e8res rencontres a \u00e9t\u00e9 salu\u00e9 par les supporters et le staff technique, qui appr\u00e9cient son engagement et son influence positive sur le collectif.<\/div>\n<div>Sarr travaille sans rel\u00e2che afin de terminer cette saison sur une note positive, tant pour lui que pour son \u00e9quipe. Toutefois, son ambition ne s\u2019arr\u00eate pas l\u00e0 : il nourrit le r\u00eave de d\u00e9crocher un jour un contrat en Europe, un objectif ambitieux mais qu\u2019il estime accessible gr\u00e2ce \u00e0 son travail acharn\u00e9 et \u00e0 ses performances r\u00e9guli\u00e8res. Les fans de la JSK esp\u00e8rent quant \u00e0 eux qu\u2019il restera fid\u00e8le au club le plus longtemps possible, tant il est devenu une r\u00e9v\u00e9lation majeure de l\u2019effectif cette saison. Avec son apport pr\u00e9cieux, Sarr devrait jouer un r\u00f4le essentiel dans les prochaines \u00e9ch\u00e9ances, notamment si la JSK parvient \u00e0 se qualifier pour la Ligue des champions africaine la saison prochaine.<\/div>\n<div><\/div>\n<div style=\"text-align: right\"><strong>M. L.\u00a0<\/strong><\/div>\n","protected":false},"excerpt":{"rendered":"<p>Sarr, milieu de terrain de la JSK, confirme match apr\u00e8s match que le club ne s\u2019est pas tromp\u00e9 en le recrutant durant le mercato estival de l\u2019ann\u00e9e derni\u00e8re. V\u00e9ritable moteur du milieu de terrain, son importance a \u00e9t\u00e9 particuli\u00e8rement ressentie lors du match opposant la JSK \u00e0 la JSS, o\u00f9 son absence a pes\u00e9 lourd &hellip;<\/p>\n","protected":false},"author":3,"featured_media":107254,"comment_status":"closed","ping_status":"closed","sticky":false,"template":"","format":"standard","meta":{"footnotes":""},"categories":[127],"tags":[],"class_list":["post-107171","post","type-post","status-publish","format-standard","has-post-thumbnail","hentry","category-football-algerien"],"_links":{"self":[{"href":"http:\/\/planetesport.dz\/index.php?rest_route=\/wp\/v2\/posts\/107171","targetHints":{"allow":["GET"]}}],"collection":[{"href":"http:\/\/planetesport.dz\/index.php?rest_route=\/wp\/v2\/posts"}],"about":[{"href":"http:\/\/planetesport.dz\/index.php?rest_route=\/wp\/v2\/types\/post"}],"author":[{"embeddable":true,"href":"http:\/\/planetesport.dz\/index.php?rest_route=\/wp\/v2\/users\/3"}],"replies":[{"embeddable":true,"href":"http:\/\/planetesport.dz\/index.php?rest_route=%2Fwp%2Fv2%2Fcomments&post=107171"}],"version-history":[{"count":1,"href":"http:\/\/planetesport.dz\/index.php?rest_route=\/wp\/v2\/posts\/107171\/revisions"}],"predecessor-version":[{"id":107296,"href":"http:\/\/planetesport.dz\/index.php?rest_route=\/wp\/v2\/posts\/107171\/revisions\/107296"}],"wp:featuredmedia":[{"embeddable":true,"href":"http:\/\/planetesport.dz\/index.php?rest_route=\/wp\/v2\/media\/107254"}],"wp:attachment":[{"href":"http:\/\/planetesport.dz\/index.php?rest_route=%2Fwp%2Fv2%2Fmedia&parent=107171"}],"wp:term":[{"taxonomy":"category","embeddable":true,"href":"http:\/\/planetesport.dz\/index.php?rest_route=%2Fwp%2Fv2%2Fcategories&post=107171"},{"taxonomy":"post_tag","embeddable":true,"href":"http:\/\/planetesport.dz\/index.php?rest_route=%2Fwp%2Fv2%2Ftags&post=107171"}],"curies":[{"name":"wp","href":"https:\/\/api.w.org\/{rel}","templated":true}]}}