{"id":103898,"date":"2025-05-03T23:50:35","date_gmt":"2025-05-03T23:50:35","guid":{"rendered":"https:\/\/planetesport.dz\/?p=103898"},"modified":"2025-05-03T23:50:35","modified_gmt":"2025-05-03T23:50:35","slug":"xabi-alonso-a-propos-dibrahim-maza-une-excellente-recrue-pour-lavenir","status":"publish","type":"post","link":"http:\/\/planetesport.dz\/?p=103898","title":{"rendered":"Xabi Alonso \u00e0 propos d\u2019Ibrahim Maza : \u00ab Une excellente recrue pour l\u2019avenir \u00bb"},"content":{"rendered":"<p>Pr\u00e9sent en conf\u00e9rence de presse, l\u2019entra\u00eeneur du Bayer Leverkusen, Xabi Alonso, s\u2019est exprim\u00e9 au sujet de l\u2019arriv\u00e9e d\u2019Ibrahim Maza, fra\u00eechement transf\u00e9r\u00e9 en provenance du Hertha Berlin. \u00ab J\u2019ai discut\u00e9 avec lui. C\u2019est un joueur qui poss\u00e8de des qualit\u00e9s diff\u00e9rentes. Il est \u00e0 l\u2019aise dans l\u2019entrejeu et pr\u00e9sente un bon potentiel \u00bb, a d\u00e9clar\u00e9 le technicien espagnol. Connu pour sa volont\u00e9 de miser sur la jeunesse, Alonso a soulign\u00e9 l\u2019environnement propice qu\u2019offre le club rh\u00e9nan pour les jeunes talents. \u00ab Il a encore beaucoup \u00e0 d\u00e9velopper, mais nous pensons toujours que notre club est un bon environnement pour les jeunes joueurs d\u00e9sireux de progresser \u00bb. Enfin, le champion du monde 2010 a \u00e9galement salu\u00e9 la maturit\u00e9 du jeune international alg\u00e9rien. \u00ab Il a aussi une belle personnalit\u00e9, il est jeune, mais d\u00e9j\u00e0 mature. C\u2019est donc une excellente recrue, et nous sommes heureux de l\u2019accueillir parmi nous \u00bb.<\/p>\n<p><strong>Ibrahim Maza : \u00ab Fier de rejoindre Leverkusen \u00bb<\/strong><\/p>\n<p>Nouvelle recrue du Bayer Leverkusen, le milieu offensif alg\u00e9rien Ibrahim Maza s\u2019est exprim\u00e9 avec enthousiasme sur son transfert au club allemand et ses ambitions pour la suite de sa carri\u00e8re. \u00ab\u202fJe tenais vraiment \u00e0 rejoindre le Bayer Leverkusen. C\u2019\u00e9tait important pour moi de faire partie de cette \u00e9quipe impressionnante, de jouer dans ce stade magnifique, port\u00e9 par des supporters incroyables\u202f\u00bb, a confi\u00e9 le joueur dans des propos relay\u00e9s par les m\u00e9dias du club. S\u00e9duit par le projet sportif du champion d\u2019Allemagne, le jeune international alg\u00e9rien a expliqu\u00e9 les raisons de son choix. \u00ab\u202fJe voulais int\u00e9grer une \u00e9quipe qui m\u2019a fascin\u00e9 par ses r\u00e9sultats ces derni\u00e8res ann\u00e9es. \u00c0 Leverkusen, je pense pouvoir continuer \u00e0 progresser et viser des titres. C\u2019est ce qui m\u2019a motiv\u00e9 \u00e0 signer ici \u00bb. En ce qui concerne ses objectifs \u00e0 court terme, Ibrahim Maza a affich\u00e9 sa d\u00e9termination : \u00ab\u202fJe veux aider le club en donnant le meilleur de moi-m\u00eame. J\u2019esp\u00e8re d\u00e9crocher mon premier troph\u00e9e d\u00e8s la saison prochaine \u00bb.<\/p>\n<p style=\"text-align: right\">\n<strong>Djamel ABED<\/strong><\/p>\n","protected":false},"excerpt":{"rendered":"<p>Pr\u00e9sent en conf\u00e9rence de presse, l\u2019entra\u00eeneur du Bayer Leverkusen, Xabi Alonso, s\u2019est exprim\u00e9 au sujet de l\u2019arriv\u00e9e d\u2019Ibrahim Maza, fra\u00eechement transf\u00e9r\u00e9 en provenance du Hertha Berlin. \u00ab J\u2019ai discut\u00e9 avec lui. C\u2019est un joueur qui poss\u00e8de des qualit\u00e9s diff\u00e9rentes. Il est \u00e0 l\u2019aise dans l\u2019entrejeu et pr\u00e9sente un bon potentiel \u00bb, a d\u00e9clar\u00e9 le technicien &hellip;<\/p>\n","protected":false},"author":3,"featured_media":103933,"comment_status":"closed","ping_status":"closed","sticky":false,"template":"","format":"standard","meta":{"footnotes":""},"categories":[128],"tags":[],"class_list":["post-103898","post","type-post","status-publish","format-standard","has-post-thumbnail","hentry","category-football-etranger"],"_links":{"self":[{"href":"http:\/\/planetesport.dz\/index.php?rest_route=\/wp\/v2\/posts\/103898","targetHints":{"allow":["GET"]}}],"collection":[{"href":"http:\/\/planetesport.dz\/index.php?rest_route=\/wp\/v2\/posts"}],"about":[{"href":"http:\/\/planetesport.dz\/index.php?rest_route=\/wp\/v2\/types\/post"}],"author":[{"embeddable":true,"href":"http:\/\/planetesport.dz\/index.php?rest_route=\/wp\/v2\/users\/3"}],"replies":[{"embeddable":true,"href":"http:\/\/planetesport.dz\/index.php?rest_route=%2Fwp%2Fv2%2Fcomments&post=103898"}],"version-history":[{"count":1,"href":"http:\/\/planetesport.dz\/index.php?rest_route=\/wp\/v2\/posts\/103898\/revisions"}],"predecessor-version":[{"id":103992,"href":"http:\/\/planetesport.dz\/index.php?rest_route=\/wp\/v2\/posts\/103898\/revisions\/103992"}],"wp:featuredmedia":[{"embeddable":true,"href":"http:\/\/planetesport.dz\/index.php?rest_route=\/wp\/v2\/media\/103933"}],"wp:attachment":[{"href":"http:\/\/planetesport.dz\/index.php?rest_route=%2Fwp%2Fv2%2Fmedia&parent=103898"}],"wp:term":[{"taxonomy":"category","embeddable":true,"href":"http:\/\/planetesport.dz\/index.php?rest_route=%2Fwp%2Fv2%2Fcategories&post=103898"},{"taxonomy":"post_tag","embeddable":true,"href":"http:\/\/planetesport.dz\/index.php?rest_route=%2Fwp%2Fv2%2Ftags&post=103898"}],"curies":[{"name":"wp","href":"https:\/\/api.w.org\/{rel}","templated":true}]}}